{"id":11770,"date":"2021-10-11T11:12:34","date_gmt":"2021-10-11T17:12:34","guid":{"rendered":"https:\/\/gobernacionaltaverapaz.gob.gt\/?p=11770"},"modified":"2021-10-13T08:58:35","modified_gmt":"2021-10-13T14:58:35","slug":"campaa-de-vacunacin-poblacin-de-12-17-aos","status":"publish","type":"post","link":"https:\/\/gobernacionaltaverapaz.gob.gt\/?p=11770","title":{"rendered":"Campa\u00f1a de Vacunaci\u00f3n poblaci\u00f3n de 12 a 17 a\u00f1os"},"content":{"rendered":"<p style=\"text-align: justify;\">La Direcci\u00f3n de \u00e1rea de Salud de Alta Verapaz indic\u00f3 que en este departamento se espera inmunizar a 184,269 j\u00f3venes que est\u00e1n en esa edad de todos los sectores y grado acad\u00e9mico.<\/p>\n<p style=\"text-align: justify;\">Del 5 al 10 de octubre se han vacunado 1,556 j\u00f3venes en el Departamento de Alta Verapaz, la atenci\u00f3n ser\u00e1 de 8:00 a 16:00 horas y en algunos lugares se podr\u00eda modificar hasta las 20:00.<\/p>\n<p style=\"text-align: justify;\">Asimismo, los padres \u00fanicamente deben presentar el certificado de nacimiento original.<\/p>\n<p style=\"text-align: justify;\">El aumento de puestos de vacunaci\u00f3n y horarios ser\u00e1 informado a trav\u00e9s de las redes sociales del \u00c1rea de Salud de Alta Verapaz y la p\u00e1gina oficial de la gobernaci\u00f3n departamental.<\/p>\n<p><a href=\"https:\/\/www.facebook.com\/DAS.AltaVerapaz\/?__cft__%5b0%5d=AZVPNS3-GzxTHzwziaIEcQE-nlWK-_QYz4CRFP0a-t8ZZ7KlagxVSElaZTqEPkZc9wUPhDKoprx-DP9I6BZq5OdMqwC5dLAxVeSLKZeg-6JHMdei66KhNNvhg5BidN7NAWzvdE01WfhIYXyEyBPa1ROo&amp;__tn__=kK-R\" target=\"_blank\" rel=\"noopener\">Direcci\u00f3n de \u00c1rea de Salud de Alta Verapaz &#8211; DASAV<br \/>\n<\/a><a href=\"https:\/\/www.facebook.com\/MinisteriodeSaludPublicayAsistenciaSocial\/?__cft__%5b0%5d=AZVPNS3-GzxTHzwziaIEcQE-nlWK-_QYz4CRFP0a-t8ZZ7KlagxVSElaZTqEPkZc9wUPhDKoprx-DP9I6BZq5OdMqwC5dLAxVeSLKZeg-6JHMdei66KhNNvhg5BidN7NAWzvdE01WfhIYXyEyBPa1ROo&amp;__tn__=kK-R\" target=\"_blank\" rel=\"noopener\">Ministerio de Salud P\u00fablica y Asistencia Social<br \/>\n<\/a><a href=\"https:\/\/www.facebook.com\/hashtag\/altaverapazsigueavanzando?__eep__=6&amp;__cft__%5b0%5d=AZVPNS3-GzxTHzwziaIEcQE-nlWK-_QYz4CRFP0a-t8ZZ7KlagxVSElaZTqEPkZc9wUPhDKoprx-DP9I6BZq5OdMqwC5dLAxVeSLKZeg-6JHMdei66KhNNvhg5BidN7NAWzvdE01WfhIYXyEyBPa1ROo&amp;__tn__=*NK-R\" target=\"_blank\" rel=\"noopener\">#altaverapazsigueavanzando<br \/>\n<\/a><a href=\"https:\/\/www.facebook.com\/hashtag\/accionesquetransforman?__eep__=6&amp;__cft__%5b0%5d=AZVPNS3-GzxTHzwziaIEcQE-nlWK-_QYz4CRFP0a-t8ZZ7KlagxVSElaZTqEPkZc9wUPhDKoprx-DP9I6BZq5OdMqwC5dLAxVeSLKZeg-6JHMdei66KhNNvhg5BidN7NAWzvdE01WfhIYXyEyBPa1ROo&amp;__tn__=*NK-R\" target=\"_blank\" rel=\"noopener\">#AccionesQueTransforman<br \/>\n<\/a><a href=\"https:\/\/www.facebook.com\/hashtag\/unidostransformamosguatemala?__eep__=6&amp;__cft__%5b0%5d=AZVPNS3-GzxTHzwziaIEcQE-nlWK-_QYz4CRFP0a-t8ZZ7KlagxVSElaZTqEPkZc9wUPhDKoprx-DP9I6BZq5OdMqwC5dLAxVeSLKZeg-6JHMdei66KhNNvhg5BidN7NAWzvdE01WfhIYXyEyBPa1ROo&amp;__tn__=*NK-R\" target=\"_blank\" rel=\"noopener\">#UnidosTransformamosGuatemala<\/a><\/p>\n<div><\/div>\n","protected":false},"excerpt":{"rendered":"<p>La Direcci\u00f3n de \u00e1rea de Salud de Alta Verapaz indic\u00f3 que en este departamento se espera inmunizar a 184,269 j\u00f3venes que est\u00e1n en esa edad de todos los sectores y grado acad\u00e9mico. Del 5 al 10 de octubre se han vacunado 1,556 j\u00f3venes en el Departamento de Alta Verapaz, la atenci\u00f3n ser\u00e1 de 8:00 a [&hellip;]<\/p>\n","protected":false},"author":1,"featured_media":11776,"comment_status":"closed","ping_status":"open","sticky":false,"template":"","format":"gallery","meta":[],"categories":[5],"tags":[178],"_links":{"self":[{"href":"https:\/\/gobernacionaltaverapaz.gob.gt\/index.php?rest_route=\/wp\/v2\/posts\/11770"}],"collection":[{"href":"https:\/\/gobernacionaltaverapaz.gob.gt\/index.php?rest_route=\/wp\/v2\/posts"}],"about":[{"href":"https:\/\/gobernacionaltaverapaz.gob.gt\/index.php?rest_route=\/wp\/v2\/types\/post"}],"author":[{"embeddable":true,"href":"https:\/\/gobernacionaltaverapaz.gob.gt\/index.php?rest_route=\/wp\/v2\/users\/1"}],"replies":[{"embeddable":true,"href":"https:\/\/gobernacionaltaverapaz.gob.gt\/index.php?rest_route=%2Fwp%2Fv2%2Fcomments&post=11770"}],"version-history":[{"count":2,"href":"https:\/\/gobernacionaltaverapaz.gob.gt\/index.php?rest_route=\/wp\/v2\/posts\/11770\/revisions"}],"predecessor-version":[{"id":11778,"href":"https:\/\/gobernacionaltaverapaz.gob.gt\/index.php?rest_route=\/wp\/v2\/posts\/11770\/revisions\/11778"}],"wp:featuredmedia":[{"embeddable":true,"href":"https:\/\/gobernacionaltaverapaz.gob.gt\/index.php?rest_route=\/wp\/v2\/media\/11776"}],"wp:attachment":[{"href":"https:\/\/gobernacionaltaverapaz.gob.gt\/index.php?rest_route=%2Fwp%2Fv2%2Fmedia&parent=11770"}],"wp:term":[{"taxonomy":"category","embeddable":true,"href":"https:\/\/gobernacionaltaverapaz.gob.gt\/index.php?rest_route=%2Fwp%2Fv2%2Fcategories&post=11770"},{"taxonomy":"post_tag","embeddable":true,"href":"https:\/\/gobernacionaltaverapaz.gob.gt\/index.php?rest_route=%2Fwp%2Fv2%2Ftags&post=11770"}],"curies":[{"name":"wp","href":"https:\/\/api.w.org\/{rel}","templated":true}]}}