{"id":11779,"date":"2021-10-11T16:06:28","date_gmt":"2021-10-11T22:06:28","guid":{"rendered":"https:\/\/gobernacionaltaverapaz.gob.gt\/?p=11779"},"modified":"2021-10-13T09:09:21","modified_gmt":"2021-10-13T15:09:21","slug":"firma-de-peticin-de-campaa-de-plan-internacional-conectadas-seguras","status":"publish","type":"post","link":"https:\/\/gobernacionaltaverapaz.gob.gt\/?p=11779","title":{"rendered":"Firma de petici\u00f3n de Campa\u00f1a de Plan Internacional Conectadas y Seguras"},"content":{"rendered":"<p style=\"text-align: justify;\">El se\u00f1or Gobernador Departamental, Romel Manuel V\u00e9liz Castro, sostuvo reuni\u00f3n de trabajo con representantes de <a href=\"https:\/\/www.facebook.com\/planinternational\/?__cft__%5b0%5d=AZXtPfs9kYkVTsyQkfMHFraicjD6XIsmZS9svu1z49TMEGXWq99wYS07deoLVnGRCq2bjsRzch-50pj4n8pMKAL_mOILRlVrBF6ZIXlnSLn1gxhiiEFhKyasLi_GIGg98QcAyC9ocGwa-s8QBxyXlx79&amp;__tn__=kK-R\" target=\"_blank\" rel=\"noopener\">Plan International<\/a> en el Departamento de Alta Verapaz esto en marco de la conmemoraci\u00f3n del D\u00eda Nacional e Internacional de la Ni\u00f1a, que se conmemora cada 11 de octubre, Plan International Guatemala se encuentra promoviendo su campa\u00f1a \u201cConectadas y Seguras\u201d, la cual se realiza simult\u00e1neamente en 12 pa\u00edses de Latinoam\u00e9rica y que busca que las ni\u00f1as cuenten con acceso a internet, herramientas tecnol\u00f3gicas, puedan prevenir la violencia en l\u00ednea y aprendan a hacer un uso adecuado de las nuevas tecnolog\u00edas.<\/p>\n<p style=\"text-align: justify;\">Como organizaci\u00f3n se hace un llamado a que se prevenga la violencia y el acoso en l\u00ednea, sobre todo que sigamos trabajando en la articulaci\u00f3n de esfuerzos que nos permitan reducir la brecha digital y promovamos el uso seguro y adecuado de las plataformas digitales para alcanzar una sociedad m\u00e1s justa e inclusiva.<\/p>\n<p><a href=\"https:\/\/www.facebook.com\/hashtag\/d%C3%ADainternacionaldelani%C3%B1a?__eep__=6&amp;__cft__%5b0%5d=AZXtPfs9kYkVTsyQkfMHFraicjD6XIsmZS9svu1z49TMEGXWq99wYS07deoLVnGRCq2bjsRzch-50pj4n8pMKAL_mOILRlVrBF6ZIXlnSLn1gxhiiEFhKyasLi_GIGg98QcAyC9ocGwa-s8QBxyXlx79&amp;__tn__=*NK-R\" target=\"_blank\" rel=\"noopener\">#D\u00edaInternacionalDeLaNi\u00f1a<br \/>\n<\/a><a href=\"https:\/\/www.facebook.com\/hashtag\/accionesquetransforman?__eep__=6&amp;__cft__%5b0%5d=AZXtPfs9kYkVTsyQkfMHFraicjD6XIsmZS9svu1z49TMEGXWq99wYS07deoLVnGRCq2bjsRzch-50pj4n8pMKAL_mOILRlVrBF6ZIXlnSLn1gxhiiEFhKyasLi_GIGg98QcAyC9ocGwa-s8QBxyXlx79&amp;__tn__=*NK-R\" target=\"_blank\" rel=\"noopener\">#AccionesQueTransforman<\/a><\/p>\n<div><\/div>\n","protected":false},"excerpt":{"rendered":"<p>El se\u00f1or Gobernador Departamental, Romel Manuel V\u00e9liz Castro, sostuvo reuni\u00f3n de trabajo con representantes de Plan International en el Departamento de Alta Verapaz esto en marco de la conmemoraci\u00f3n del D\u00eda Nacional e Internacional de la Ni\u00f1a, que se conmemora cada 11 de octubre, Plan International Guatemala se encuentra promoviendo su campa\u00f1a \u201cConectadas y Seguras\u201d, [&hellip;]<\/p>\n","protected":false},"author":1,"featured_media":11780,"comment_status":"closed","ping_status":"open","sticky":false,"template":"","format":"gallery","meta":[],"categories":[197],"tags":[178],"_links":{"self":[{"href":"https:\/\/gobernacionaltaverapaz.gob.gt\/index.php?rest_route=\/wp\/v2\/posts\/11779"}],"collection":[{"href":"https:\/\/gobernacionaltaverapaz.gob.gt\/index.php?rest_route=\/wp\/v2\/posts"}],"about":[{"href":"https:\/\/gobernacionaltaverapaz.gob.gt\/index.php?rest_route=\/wp\/v2\/types\/post"}],"author":[{"embeddable":true,"href":"https:\/\/gobernacionaltaverapaz.gob.gt\/index.php?rest_route=\/wp\/v2\/users\/1"}],"replies":[{"embeddable":true,"href":"https:\/\/gobernacionaltaverapaz.gob.gt\/index.php?rest_route=%2Fwp%2Fv2%2Fcomments&post=11779"}],"version-history":[{"count":2,"href":"https:\/\/gobernacionaltaverapaz.gob.gt\/index.php?rest_route=\/wp\/v2\/posts\/11779\/revisions"}],"predecessor-version":[{"id":11786,"href":"https:\/\/gobernacionaltaverapaz.gob.gt\/index.php?rest_route=\/wp\/v2\/posts\/11779\/revisions\/11786"}],"wp:featuredmedia":[{"embeddable":true,"href":"https:\/\/gobernacionaltaverapaz.gob.gt\/index.php?rest_route=\/wp\/v2\/media\/11780"}],"wp:attachment":[{"href":"https:\/\/gobernacionaltaverapaz.gob.gt\/index.php?rest_route=%2Fwp%2Fv2%2Fmedia&parent=11779"}],"wp:term":[{"taxonomy":"category","embeddable":true,"href":"https:\/\/gobernacionaltaverapaz.gob.gt\/index.php?rest_route=%2Fwp%2Fv2%2Fcategories&post=11779"},{"taxonomy":"post_tag","embeddable":true,"href":"https:\/\/gobernacionaltaverapaz.gob.gt\/index.php?rest_route=%2Fwp%2Fv2%2Ftags&post=11779"}],"curies":[{"name":"wp","href":"https:\/\/api.w.org\/{rel}","templated":true}]}}