{"id":11787,"date":"2021-10-13T06:47:05","date_gmt":"2021-10-13T12:47:05","guid":{"rendered":"https:\/\/gobernacionaltaverapaz.gob.gt\/?p=11787"},"modified":"2021-10-13T09:40:30","modified_gmt":"2021-10-13T15:40:30","slug":"acto-protocolario-de-la-entregadonacin-de-plantas-forestales-la-empresa-de-energuate-otorgo-la-aldea-de-campur-san-pedro-carch","status":"publish","type":"post","link":"https:\/\/gobernacionaltaverapaz.gob.gt\/?p=11787","title":{"rendered":"Acto protocolario de la entrega\/donaci\u00f3n de plantas forestales que la empresa de Energuate otorgo a la Aldea de Campur, San Pedro Carch\u00e1"},"content":{"rendered":"<p style=\"text-align: justify;\">El se\u00f1or Gobernador Departamental, Romel Manuel V\u00e9liz Castro, Alcalde Municipal, Delegado del Ministerio de Ambiente y Recursos Naturales \u2013MARN-, Delegada del Bicentenario, Representantes de ENERGUATE , vecinos y COCODES, participaron en el acto protocolario de la entrega\/donaci\u00f3n de 10,00 plantas forestales para la Aldea de Campur del municipio de San Pedro Carcha.<\/p>\n<p style=\"text-align: justify;\">La donaci\u00f3n consisti\u00f3 en Pino, Liquid\u00e1mbar, Cedro y Eucalipto, (Pinus Oocarpa, Liquid\u00e1mbar styraciflua, Cedrela odorata y Eucaliptus torreliana,), mismas que fueron seleccionadas para que tengan un crecimiento y den un beneficio adecuado a la poblaci\u00f3n de Campur quienes fueron azotados por las pasadas tormentas ETA e IOTA.<\/p>\n<p><a href=\"https:\/\/www.facebook.com\/hashtag\/altaverapazsigueavanzando?__eep__=6&amp;__cft__%5b0%5d=AZVQxk1vxbEXL0asov_zW8YbhFXF8L1QlQ6G34r68VGkrxcpUiq22NgXUUz6dhwEtp6fYNXSkLcbNUZgsNu_is1cy5vHqOcJnKtUelqcH4BDPbvZQe6J_fyUE5y8hkNVY23rssU4XPq9DcVKjQQkMpxL&amp;__tn__=*NK-R\" target=\"_blank\" rel=\"noopener\">#altaverapazsigueavanzando<br \/>\n<\/a><a href=\"https:\/\/www.facebook.com\/hashtag\/accionesquetransforman?__eep__=6&amp;__cft__%5b0%5d=AZVQxk1vxbEXL0asov_zW8YbhFXF8L1QlQ6G34r68VGkrxcpUiq22NgXUUz6dhwEtp6fYNXSkLcbNUZgsNu_is1cy5vHqOcJnKtUelqcH4BDPbvZQe6J_fyUE5y8hkNVY23rssU4XPq9DcVKjQQkMpxL&amp;__tn__=*NK-R\" target=\"_blank\" rel=\"noopener\">#AccionesQueTransforman<br \/>\n<\/a><a href=\"https:\/\/www.facebook.com\/hashtag\/unidostransformamosguatemala?__eep__=6&amp;__cft__%5b0%5d=AZVQxk1vxbEXL0asov_zW8YbhFXF8L1QlQ6G34r68VGkrxcpUiq22NgXUUz6dhwEtp6fYNXSkLcbNUZgsNu_is1cy5vHqOcJnKtUelqcH4BDPbvZQe6J_fyUE5y8hkNVY23rssU4XPq9DcVKjQQkMpxL&amp;__tn__=*NK-R\" target=\"_blank\" rel=\"noopener\">#UnidosTransformamosGuatemala<\/a><\/p>\n<div><\/div>\n<p>&nbsp;<\/p>\n","protected":false},"excerpt":{"rendered":"<p>El se\u00f1or Gobernador Departamental, Romel Manuel V\u00e9liz Castro, Alcalde Municipal, Delegado del Ministerio de Ambiente y Recursos Naturales \u2013MARN-, Delegada del Bicentenario, Representantes de ENERGUATE , vecinos y COCODES, participaron en el acto protocolario de la entrega\/donaci\u00f3n de 10,00 plantas forestales para la Aldea de Campur del municipio de San Pedro Carcha. La donaci\u00f3n consisti\u00f3 [&hellip;]<\/p>\n","protected":false},"author":1,"featured_media":11794,"comment_status":"closed","ping_status":"open","sticky":false,"template":"","format":"gallery","meta":[],"categories":[6],"tags":[178],"_links":{"self":[{"href":"https:\/\/gobernacionaltaverapaz.gob.gt\/index.php?rest_route=\/wp\/v2\/posts\/11787"}],"collection":[{"href":"https:\/\/gobernacionaltaverapaz.gob.gt\/index.php?rest_route=\/wp\/v2\/posts"}],"about":[{"href":"https:\/\/gobernacionaltaverapaz.gob.gt\/index.php?rest_route=\/wp\/v2\/types\/post"}],"author":[{"embeddable":true,"href":"https:\/\/gobernacionaltaverapaz.gob.gt\/index.php?rest_route=\/wp\/v2\/users\/1"}],"replies":[{"embeddable":true,"href":"https:\/\/gobernacionaltaverapaz.gob.gt\/index.php?rest_route=%2Fwp%2Fv2%2Fcomments&post=11787"}],"version-history":[{"count":3,"href":"https:\/\/gobernacionaltaverapaz.gob.gt\/index.php?rest_route=\/wp\/v2\/posts\/11787\/revisions"}],"predecessor-version":[{"id":11800,"href":"https:\/\/gobernacionaltaverapaz.gob.gt\/index.php?rest_route=\/wp\/v2\/posts\/11787\/revisions\/11800"}],"wp:featuredmedia":[{"embeddable":true,"href":"https:\/\/gobernacionaltaverapaz.gob.gt\/index.php?rest_route=\/wp\/v2\/media\/11794"}],"wp:attachment":[{"href":"https:\/\/gobernacionaltaverapaz.gob.gt\/index.php?rest_route=%2Fwp%2Fv2%2Fmedia&parent=11787"}],"wp:term":[{"taxonomy":"category","embeddable":true,"href":"https:\/\/gobernacionaltaverapaz.gob.gt\/index.php?rest_route=%2Fwp%2Fv2%2Fcategories&post=11787"},{"taxonomy":"post_tag","embeddable":true,"href":"https:\/\/gobernacionaltaverapaz.gob.gt\/index.php?rest_route=%2Fwp%2Fv2%2Ftags&post=11787"}],"curies":[{"name":"wp","href":"https:\/\/api.w.org\/{rel}","templated":true}]}}