{"id":11801,"date":"2021-10-13T14:01:39","date_gmt":"2021-10-13T20:01:39","guid":{"rendered":"https:\/\/gobernacionaltaverapaz.gob.gt\/?p=11801"},"modified":"2021-10-19T12:47:26","modified_gmt":"2021-10-19T18:47:26","slug":"campaa-nacional-de-vacunacin-antirrbica-canina","status":"publish","type":"post","link":"https:\/\/gobernacionaltaverapaz.gob.gt\/?p=11801","title":{"rendered":"Campa\u00f1a Nacional de Vacunaci\u00f3n Antirr\u00e1bica Canina"},"content":{"rendered":"<p style=\"text-align: justify;\">El <a href=\"https:\/\/www.facebook.com\/MinisteriodeSaludPublicayAsistenciaSocial\/?__cft__%5b0%5d=AZWf80XexAGctYExZ4xaGeauxw_DJxT5cN2frr-xwR_DDD1GoC6LDJst0A4-N9XekxjqdmmrQ9KXtds-VIFQWMLBmn0opTO8XIXC4PfiB-1-I7PQ6tTa3W-ktvrxslAkVK87kunMdGEXsuc8td03-UUD&amp;__tn__=kK-R\" target=\"_blank\" rel=\"noopener\">Ministerio de Salud P\u00fablica y Asistencia Social<\/a> y la Direcci\u00f3n de <a href=\"https:\/\/www.facebook.com\/DAS.AltaVerapaz\/?__cft__%5b0%5d=AZWf80XexAGctYExZ4xaGeauxw_DJxT5cN2frr-xwR_DDD1GoC6LDJst0A4-N9XekxjqdmmrQ9KXtds-VIFQWMLBmn0opTO8XIXC4PfiB-1-I7PQ6tTa3W-ktvrxslAkVK87kunMdGEXsuc8td03-UUD&amp;__tn__=kK-R\" target=\"_blank\" rel=\"noopener\">Direcci\u00f3n de \u00c1rea de Salud de Alta Verapaz &#8211; DASAV<\/a> da inicio a la campa\u00f1a Nacional de Vacunaci\u00f3n Antirr\u00e1bica Canina del 11 al 31 de Octubre del 2021.<\/p>\n<p style=\"text-align: justify;\">La rabia es una enfermedad mortal en nuestro pa\u00eds.<\/p>\n<p style=\"text-align: justify;\">Un caso de rabia en humanos, es considerado un grave problema de salud p\u00fablica (15 casos en los \u00faltimos 15 a\u00f1os), en el a\u00f1o 2017 se registr\u00f3 el \u00faltimo caso de rabia humana, en el pa\u00eds.<\/p>\n<p style=\"text-align: justify;\">En Guatemala en el a\u00f1o 2017 se registraron 49 casos positivos de rabia, 5 casos positivos el a\u00f1o 2018 y 2 casos positivos en el a\u00f1o 2019, en el 2020 no hay reporte de casos positivos en perros.<\/p>\n<p style=\"text-align: justify;\">En Alta Verapaz se ha registrado presencia de virus en bovinos seg\u00fan muestras enviadas al laboratorio.: 4 casos positivos en el 2018 y 1 positivo en el a\u00f1o 2019.<\/p>\n<p style=\"text-align: justify;\">El <a href=\"https:\/\/www.facebook.com\/guatemalagob\/?__cft__%5b0%5d=AZWf80XexAGctYExZ4xaGeauxw_DJxT5cN2frr-xwR_DDD1GoC6LDJst0A4-N9XekxjqdmmrQ9KXtds-VIFQWMLBmn0opTO8XIXC4PfiB-1-I7PQ6tTa3W-ktvrxslAkVK87kunMdGEXsuc8td03-UUD&amp;__tn__=kK-R\" target=\"_blank\" rel=\"noopener\">Gobierno de Guatemala<\/a> a trav\u00e9s del <a href=\"https:\/\/www.facebook.com\/MinisteriodeSaludPublicayAsistenciaSocial\/?__cft__%5b0%5d=AZWf80XexAGctYExZ4xaGeauxw_DJxT5cN2frr-xwR_DDD1GoC6LDJst0A4-N9XekxjqdmmrQ9KXtds-VIFQWMLBmn0opTO8XIXC4PfiB-1-I7PQ6tTa3W-ktvrxslAkVK87kunMdGEXsuc8td03-UUD&amp;__tn__=kK-R\" target=\"_blank\" rel=\"noopener\">Ministerio de Salud P\u00fablica y Asistencia Social<\/a> est\u00e1 comprometido en eliminar la rabia en humanos, es por ello que en Alta Verapaz se pretende vacunar a 271,26 perros.<\/p>\n<p><a href=\"https:\/\/www.facebook.com\/hashtag\/altaverapazsigueavanzando?__eep__=6&amp;__cft__%5b0%5d=AZWf80XexAGctYExZ4xaGeauxw_DJxT5cN2frr-xwR_DDD1GoC6LDJst0A4-N9XekxjqdmmrQ9KXtds-VIFQWMLBmn0opTO8XIXC4PfiB-1-I7PQ6tTa3W-ktvrxslAkVK87kunMdGEXsuc8td03-UUD&amp;__tn__=*NK-R\" target=\"_blank\" rel=\"noopener\">#altaverapazsigueavanzando<br \/>\n<\/a><a href=\"https:\/\/www.facebook.com\/hashtag\/accionesquetransforman?__eep__=6&amp;__cft__%5b0%5d=AZWf80XexAGctYExZ4xaGeauxw_DJxT5cN2frr-xwR_DDD1GoC6LDJst0A4-N9XekxjqdmmrQ9KXtds-VIFQWMLBmn0opTO8XIXC4PfiB-1-I7PQ6tTa3W-ktvrxslAkVK87kunMdGEXsuc8td03-UUD&amp;__tn__=*NK-R\" target=\"_blank\" rel=\"noopener\">#AccionesQueTransforman<br \/>\n<\/a><a href=\"https:\/\/www.facebook.com\/hashtag\/unidostransformamosguatemala?__eep__=6&amp;__cft__%5b0%5d=AZWf80XexAGctYExZ4xaGeauxw_DJxT5cN2frr-xwR_DDD1GoC6LDJst0A4-N9XekxjqdmmrQ9KXtds-VIFQWMLBmn0opTO8XIXC4PfiB-1-I7PQ6tTa3W-ktvrxslAkVK87kunMdGEXsuc8td03-UUD&amp;__tn__=*NK-R\" target=\"_blank\" rel=\"noopener\">#UnidosTransformamosGuatemala<\/a><\/p>\n<div><\/div>\n","protected":false},"excerpt":{"rendered":"<p>El Ministerio de Salud P\u00fablica y Asistencia Social y la Direcci\u00f3n de Direcci\u00f3n de \u00c1rea de Salud de Alta Verapaz &#8211; DASAV da inicio a la campa\u00f1a Nacional de Vacunaci\u00f3n Antirr\u00e1bica Canina del 11 al 31 de Octubre del 2021. La rabia es una enfermedad mortal en nuestro pa\u00eds. Un caso de rabia en humanos, [&hellip;]<\/p>\n","protected":false},"author":1,"featured_media":11807,"comment_status":"closed","ping_status":"open","sticky":false,"template":"","format":"gallery","meta":[],"categories":[5],"tags":[178],"_links":{"self":[{"href":"https:\/\/gobernacionaltaverapaz.gob.gt\/index.php?rest_route=\/wp\/v2\/posts\/11801"}],"collection":[{"href":"https:\/\/gobernacionaltaverapaz.gob.gt\/index.php?rest_route=\/wp\/v2\/posts"}],"about":[{"href":"https:\/\/gobernacionaltaverapaz.gob.gt\/index.php?rest_route=\/wp\/v2\/types\/post"}],"author":[{"embeddable":true,"href":"https:\/\/gobernacionaltaverapaz.gob.gt\/index.php?rest_route=\/wp\/v2\/users\/1"}],"replies":[{"embeddable":true,"href":"https:\/\/gobernacionaltaverapaz.gob.gt\/index.php?rest_route=%2Fwp%2Fv2%2Fcomments&post=11801"}],"version-history":[{"count":2,"href":"https:\/\/gobernacionaltaverapaz.gob.gt\/index.php?rest_route=\/wp\/v2\/posts\/11801\/revisions"}],"predecessor-version":[{"id":11810,"href":"https:\/\/gobernacionaltaverapaz.gob.gt\/index.php?rest_route=\/wp\/v2\/posts\/11801\/revisions\/11810"}],"wp:featuredmedia":[{"embeddable":true,"href":"https:\/\/gobernacionaltaverapaz.gob.gt\/index.php?rest_route=\/wp\/v2\/media\/11807"}],"wp:attachment":[{"href":"https:\/\/gobernacionaltaverapaz.gob.gt\/index.php?rest_route=%2Fwp%2Fv2%2Fmedia&parent=11801"}],"wp:term":[{"taxonomy":"category","embeddable":true,"href":"https:\/\/gobernacionaltaverapaz.gob.gt\/index.php?rest_route=%2Fwp%2Fv2%2Fcategories&post=11801"},{"taxonomy":"post_tag","embeddable":true,"href":"https:\/\/gobernacionaltaverapaz.gob.gt\/index.php?rest_route=%2Fwp%2Fv2%2Ftags&post=11801"}],"curies":[{"name":"wp","href":"https:\/\/api.w.org\/{rel}","templated":true}]}}