{"id":11811,"date":"2021-10-15T06:29:56","date_gmt":"2021-10-15T12:29:56","guid":{"rendered":"https:\/\/gobernacionaltaverapaz.gob.gt\/?p=11811"},"modified":"2021-10-19T14:31:56","modified_gmt":"2021-10-19T20:31:56","slug":"alianza-estratgica-permitir-ampliar-cobertura-del-programa-acompame-crecer","status":"publish","type":"post","link":"https:\/\/gobernacionaltaverapaz.gob.gt\/?p=11811","title":{"rendered":"Alianza estrat\u00e9gica permitir\u00e1 ampliar cobertura del programa Acomp\u00e1\u00f1ame a Crecer"},"content":{"rendered":"<p style=\"text-align: justify;\">Se prev\u00e9 abrir centros comunitarios de desarrollo infantil integral, dirigidos a ni\u00f1os de 0 a 4 a\u00f1os, en 136 comunidades de Alta Verapaz.<\/p>\n<p style=\"text-align: justify;\">La alianza estrat\u00e9gica entre el <a href=\"https:\/\/www.facebook.com\/MineducGuate\/?__cft__%5b0%5d=AZW3Al6TmlY6WJPvKAHn-7P-IGW624GgW2PXq3WhyGECQdLfBV-01kyC2V8kwwXJWZ_OSXepzIGolSR0IdTFr9QofZkJniOXOHMZchYwUCdo698oFVpH5kDPBYl9VXOOWcDWC6WqnBUXuBWLgu1gOwAy&amp;__tn__=kK-R\" target=\"_blank\" rel=\"noopener\">Ministerio de Educaci\u00f3n de Guatemala (P\u00e1gina Oficial)<\/a>, <a href=\"https:\/\/www.facebook.com\/UnionEuropeaEnGuatemala\/?__cft__%5b0%5d=AZW3Al6TmlY6WJPvKAHn-7P-IGW624GgW2PXq3WhyGECQdLfBV-01kyC2V8kwwXJWZ_OSXepzIGolSR0IdTFr9QofZkJniOXOHMZchYwUCdo698oFVpH5kDPBYl9VXOOWcDWC6WqnBUXuBWLgu1gOwAy&amp;__tn__=kK-R\" target=\"_blank\" rel=\"noopener\">Uni\u00f3n Europea en Guatemala<\/a> y Fondo de las Naciones Unidas para la Infancia (<a href=\"https:\/\/www.facebook.com\/unicefguatemala\/?__cft__%5b0%5d=AZW3Al6TmlY6WJPvKAHn-7P-IGW624GgW2PXq3WhyGECQdLfBV-01kyC2V8kwwXJWZ_OSXepzIGolSR0IdTFr9QofZkJniOXOHMZchYwUCdo698oFVpH5kDPBYl9VXOOWcDWC6WqnBUXuBWLgu1gOwAy&amp;__tn__=kK-R\">UNICEF Guatemala<\/a>) permitir\u00e1 abrir 300 centros comunitarios de desarrollo infantil integral (Cecodii) en distintos puntos de Alta Verapaz y Chiquimula.<\/p>\n<p style=\"text-align: justify;\">La representante adjunta de Unicef, Lone Hvass, inform\u00f3 que 136 comunidades de Cob\u00e1n, San Crist\u00f3bal Verapaz y San Juan Chamelco, en el primero de los departamentos, se beneficiar\u00edan con estas acciones. Tales declaraciones las brind\u00f3 durante la inauguraci\u00f3n de uno de estos centros en la cooperativa Chirrepec, en Cob\u00e1n.<\/p>\n<p style=\"text-align: justify;\">Durante su intervenci\u00f3n, la delegada del ente internacional manifest\u00f3 que se han destinado cerca de 22 millones de quetzales para ampliar la cobertura del programa Acomp\u00e1\u00f1ame a Crecer, por medio de los Cecodii, durante 4 a\u00f1os. Esto se efectuar\u00e1 por medio de la Estrategia Integral para Combatir la Desnutrici\u00f3n Cr\u00f3nica; la meta es abrir 570 recintos en Alta Verapaz y Chiquimula.<\/p>\n<p style=\"text-align: justify;\"><a href=\"https:\/\/www.facebook.com\/hashtag\/altaverapazsigueavanzando?__eep__=6&amp;__cft__%5b0%5d=AZW3Al6TmlY6WJPvKAHn-7P-IGW624GgW2PXq3WhyGECQdLfBV-01kyC2V8kwwXJWZ_OSXepzIGolSR0IdTFr9QofZkJniOXOHMZchYwUCdo698oFVpH5kDPBYl9VXOOWcDWC6WqnBUXuBWLgu1gOwAy&amp;__tn__=*NK-R\" target=\"_blank\" rel=\"noopener\">#altaverapazsigueavanzando<br \/>\n<\/a><a href=\"https:\/\/www.facebook.com\/hashtag\/accionesquetransforman?__eep__=6&amp;__cft__%5b0%5d=AZW3Al6TmlY6WJPvKAHn-7P-IGW624GgW2PXq3WhyGECQdLfBV-01kyC2V8kwwXJWZ_OSXepzIGolSR0IdTFr9QofZkJniOXOHMZchYwUCdo698oFVpH5kDPBYl9VXOOWcDWC6WqnBUXuBWLgu1gOwAy&amp;__tn__=*NK-R\" target=\"_blank\" rel=\"noopener\">#AccionesQueTransforman<br \/>\n<\/a><a href=\"https:\/\/www.facebook.com\/hashtag\/unidostransformamosguatemala?__eep__=6&amp;__cft__%5b0%5d=AZW3Al6TmlY6WJPvKAHn-7P-IGW624GgW2PXq3WhyGECQdLfBV-01kyC2V8kwwXJWZ_OSXepzIGolSR0IdTFr9QofZkJniOXOHMZchYwUCdo698oFVpH5kDPBYl9VXOOWcDWC6WqnBUXuBWLgu1gOwAy&amp;__tn__=*NK-R\" target=\"_blank\" rel=\"noopener\">#UnidosTransformamosGuatemala<\/a><\/p>\n<div><\/div>\n<p>&nbsp;<\/p>\n","protected":false},"excerpt":{"rendered":"<p>Se prev\u00e9 abrir centros comunitarios de desarrollo infantil integral, dirigidos a ni\u00f1os de 0 a 4 a\u00f1os, en 136 comunidades de Alta Verapaz. La alianza estrat\u00e9gica entre el Ministerio de Educaci\u00f3n de Guatemala (P\u00e1gina Oficial), Uni\u00f3n Europea en Guatemala y Fondo de las Naciones Unidas para la Infancia (UNICEF Guatemala) permitir\u00e1 abrir 300 centros comunitarios [&hellip;]<\/p>\n","protected":false},"author":1,"featured_media":11813,"comment_status":"closed","ping_status":"open","sticky":false,"template":"","format":"gallery","meta":[],"categories":[183],"tags":[178],"_links":{"self":[{"href":"https:\/\/gobernacionaltaverapaz.gob.gt\/index.php?rest_route=\/wp\/v2\/posts\/11811"}],"collection":[{"href":"https:\/\/gobernacionaltaverapaz.gob.gt\/index.php?rest_route=\/wp\/v2\/posts"}],"about":[{"href":"https:\/\/gobernacionaltaverapaz.gob.gt\/index.php?rest_route=\/wp\/v2\/types\/post"}],"author":[{"embeddable":true,"href":"https:\/\/gobernacionaltaverapaz.gob.gt\/index.php?rest_route=\/wp\/v2\/users\/1"}],"replies":[{"embeddable":true,"href":"https:\/\/gobernacionaltaverapaz.gob.gt\/index.php?rest_route=%2Fwp%2Fv2%2Fcomments&post=11811"}],"version-history":[{"count":2,"href":"https:\/\/gobernacionaltaverapaz.gob.gt\/index.php?rest_route=\/wp\/v2\/posts\/11811\/revisions"}],"predecessor-version":[{"id":11826,"href":"https:\/\/gobernacionaltaverapaz.gob.gt\/index.php?rest_route=\/wp\/v2\/posts\/11811\/revisions\/11826"}],"wp:featuredmedia":[{"embeddable":true,"href":"https:\/\/gobernacionaltaverapaz.gob.gt\/index.php?rest_route=\/wp\/v2\/media\/11813"}],"wp:attachment":[{"href":"https:\/\/gobernacionaltaverapaz.gob.gt\/index.php?rest_route=%2Fwp%2Fv2%2Fmedia&parent=11811"}],"wp:term":[{"taxonomy":"category","embeddable":true,"href":"https:\/\/gobernacionaltaverapaz.gob.gt\/index.php?rest_route=%2Fwp%2Fv2%2Fcategories&post=11811"},{"taxonomy":"post_tag","embeddable":true,"href":"https:\/\/gobernacionaltaverapaz.gob.gt\/index.php?rest_route=%2Fwp%2Fv2%2Ftags&post=11811"}],"curies":[{"name":"wp","href":"https:\/\/api.w.org\/{rel}","templated":true}]}}