{"id":11827,"date":"2021-10-15T12:40:46","date_gmt":"2021-10-15T18:40:46","guid":{"rendered":"https:\/\/gobernacionaltaverapaz.gob.gt\/?p=11827"},"modified":"2021-10-19T14:46:50","modified_gmt":"2021-10-19T20:46:50","slug":"da-internacional-de-las-mujeres-rurales","status":"publish","type":"post","link":"https:\/\/gobernacionaltaverapaz.gob.gt\/?p=11827","title":{"rendered":"D\u00eda Internacional de las Mujeres Rurales"},"content":{"rendered":"<p style=\"text-align: justify;\">En el Marco de la Celebraci\u00f3n del D\u00eda Internacional de las Mujeres Rurales con el objetivo de reconocer a la mujer por su contribuci\u00f3n en el desarrollo rural y agr\u00edcola, la erradicaci\u00f3n de la pobreza y la mejora en la seguridad alimentaria.<\/p>\n<p style=\"text-align: justify;\">El <a href=\"https:\/\/www.facebook.com\/guatemalagob\/?__cft__%5b0%5d=AZUlfQoNr2apwrTx714QdchEFEec4LBfWXy6sNkRLcqxHiGOslgxQ6MPQuKvrp6snkfPpHGmU2p6Ksr8p9WZWxRxtZDbSLoM3jcvdzUjaJ_RbA2xCIbONcfwv2u6CVUDurm04SfWxuwJDLjMd-zmDq7K&amp;__tn__=kK-R\" target=\"_blank\" rel=\"noopener\">Gobierno de Guatemala<\/a> a trav\u00e9s del Sistema Nacional de Extensi\u00f3n Rural del <a href=\"https:\/\/www.facebook.com\/maga.gt\/?__cft__%5b0%5d=AZUlfQoNr2apwrTx714QdchEFEec4LBfWXy6sNkRLcqxHiGOslgxQ6MPQuKvrp6snkfPpHGmU2p6Ksr8p9WZWxRxtZDbSLoM3jcvdzUjaJ_RbA2xCIbONcfwv2u6CVUDurm04SfWxuwJDLjMd-zmDq7K&amp;__tn__=kK-R\" target=\"_blank\" rel=\"noopener\">Ministerio de Agricultura, Ganader\u00eda y Alimentaci\u00f3n &#8211; MAGA<\/a>, del Departamento de Alta Verapaz, con sus intervenciones en los diecisiete municipios, reconoce la importancia del papel de la mujer en la agricultura, por lo que brinda capacitaciones y asistencias t\u00e9cnicas con el prop\u00f3sito de mejorar las condiciones econ\u00f3micas y condiciones de vida de las mujeres rurales, en los temas siguientes; Huertos Familiares, Conservaci\u00f3n de Alimentos, Pr\u00e1cticas de Conservaci\u00f3n de Suelos y Humedad, Preparaci\u00f3n y Transformaci\u00f3n Artesanal de Alimentos para fines de diversificaci\u00f3n de la dieta, Utilizaci\u00f3n de Plantas Nativas, Seguridad Alimentaria, Diversificaci\u00f3n de Cultivos, Producci\u00f3n de Aves, Cuidado del Patrimonio Aviar, entre otros.<\/p>\n<p style=\"text-align: justify;\">Estas acciones se realizan mediante grupos organizados en las Comunidades denominados Centros de Aprendizaje para el Desarrollo Rural (CADER) y desde ese lugar las familias aprenden y ponen en pr\u00e1ctica diferentes t\u00e9cnicas aprendidas.<\/p>\n<p><a href=\"https:\/\/www.facebook.com\/hashtag\/altaverapazsigueavanzando?__eep__=6&amp;__cft__%5b0%5d=AZUlfQoNr2apwrTx714QdchEFEec4LBfWXy6sNkRLcqxHiGOslgxQ6MPQuKvrp6snkfPpHGmU2p6Ksr8p9WZWxRxtZDbSLoM3jcvdzUjaJ_RbA2xCIbONcfwv2u6CVUDurm04SfWxuwJDLjMd-zmDq7K&amp;__tn__=*NK-R\" target=\"_blank\" rel=\"noopener\">#altaverapazsigueavanzando<br \/>\n<\/a><a href=\"https:\/\/www.facebook.com\/hashtag\/accionesquetransforman?__eep__=6&amp;__cft__%5b0%5d=AZUlfQoNr2apwrTx714QdchEFEec4LBfWXy6sNkRLcqxHiGOslgxQ6MPQuKvrp6snkfPpHGmU2p6Ksr8p9WZWxRxtZDbSLoM3jcvdzUjaJ_RbA2xCIbONcfwv2u6CVUDurm04SfWxuwJDLjMd-zmDq7K&amp;__tn__=*NK-R\" target=\"_blank\" rel=\"noopener\">#AccionesQueTransforman<br \/>\n<\/a><a href=\"https:\/\/www.facebook.com\/hashtag\/unidostransformamosguatemala?__eep__=6&amp;__cft__%5b0%5d=AZUlfQoNr2apwrTx714QdchEFEec4LBfWXy6sNkRLcqxHiGOslgxQ6MPQuKvrp6snkfPpHGmU2p6Ksr8p9WZWxRxtZDbSLoM3jcvdzUjaJ_RbA2xCIbONcfwv2u6CVUDurm04SfWxuwJDLjMd-zmDq7K&amp;__tn__=*NK-R\" target=\"_blank\" rel=\"noopener\">#UnidosTransformamosGuatemala<br \/>\n<\/a><a href=\"https:\/\/www.facebook.com\/hashtag\/mujerrural?__eep__=6&amp;__cft__%5b0%5d=AZUlfQoNr2apwrTx714QdchEFEec4LBfWXy6sNkRLcqxHiGOslgxQ6MPQuKvrp6snkfPpHGmU2p6Ksr8p9WZWxRxtZDbSLoM3jcvdzUjaJ_RbA2xCIbONcfwv2u6CVUDurm04SfWxuwJDLjMd-zmDq7K&amp;__tn__=*NK-R\" target=\"_blank\" rel=\"noopener\">#MujerRural<\/a><\/p>\n<div><\/div>\n<p>&nbsp;<\/p>\n","protected":false},"excerpt":{"rendered":"<p>En el Marco de la Celebraci\u00f3n del D\u00eda Internacional de las Mujeres Rurales con el objetivo de reconocer a la mujer por su contribuci\u00f3n en el desarrollo rural y agr\u00edcola, la erradicaci\u00f3n de la pobreza y la mejora en la seguridad alimentaria. El Gobierno de Guatemala a trav\u00e9s del Sistema Nacional de Extensi\u00f3n Rural del [&hellip;]<\/p>\n","protected":false},"author":1,"featured_media":11828,"comment_status":"closed","ping_status":"open","sticky":false,"template":"","format":"gallery","meta":[],"categories":[7],"tags":[178],"_links":{"self":[{"href":"https:\/\/gobernacionaltaverapaz.gob.gt\/index.php?rest_route=\/wp\/v2\/posts\/11827"}],"collection":[{"href":"https:\/\/gobernacionaltaverapaz.gob.gt\/index.php?rest_route=\/wp\/v2\/posts"}],"about":[{"href":"https:\/\/gobernacionaltaverapaz.gob.gt\/index.php?rest_route=\/wp\/v2\/types\/post"}],"author":[{"embeddable":true,"href":"https:\/\/gobernacionaltaverapaz.gob.gt\/index.php?rest_route=\/wp\/v2\/users\/1"}],"replies":[{"embeddable":true,"href":"https:\/\/gobernacionaltaverapaz.gob.gt\/index.php?rest_route=%2Fwp%2Fv2%2Fcomments&post=11827"}],"version-history":[{"count":3,"href":"https:\/\/gobernacionaltaverapaz.gob.gt\/index.php?rest_route=\/wp\/v2\/posts\/11827\/revisions"}],"predecessor-version":[{"id":11836,"href":"https:\/\/gobernacionaltaverapaz.gob.gt\/index.php?rest_route=\/wp\/v2\/posts\/11827\/revisions\/11836"}],"wp:featuredmedia":[{"embeddable":true,"href":"https:\/\/gobernacionaltaverapaz.gob.gt\/index.php?rest_route=\/wp\/v2\/media\/11828"}],"wp:attachment":[{"href":"https:\/\/gobernacionaltaverapaz.gob.gt\/index.php?rest_route=%2Fwp%2Fv2%2Fmedia&parent=11827"}],"wp:term":[{"taxonomy":"category","embeddable":true,"href":"https:\/\/gobernacionaltaverapaz.gob.gt\/index.php?rest_route=%2Fwp%2Fv2%2Fcategories&post=11827"},{"taxonomy":"post_tag","embeddable":true,"href":"https:\/\/gobernacionaltaverapaz.gob.gt\/index.php?rest_route=%2Fwp%2Fv2%2Ftags&post=11827"}],"curies":[{"name":"wp","href":"https:\/\/api.w.org\/{rel}","templated":true}]}}