{"id":11837,"date":"2021-10-19T12:28:31","date_gmt":"2021-10-19T18:28:31","guid":{"rendered":"https:\/\/gobernacionaltaverapaz.gob.gt\/?p=11837"},"modified":"2021-10-19T15:05:05","modified_gmt":"2021-10-19T21:05:05","slug":"reunin-de-trabajo-con-ministro-de-comunicaciones-infraestructura-vivienda-lderes-comunitarios-de-campur-san-pedro-carch","status":"publish","type":"post","link":"https:\/\/gobernacionaltaverapaz.gob.gt\/?p=11837","title":{"rendered":"Reuni\u00f3n de trabajo con Ministro de Comunicaciones, Infraestructura y Vivienda y l\u00edderes comunitarios de Campur, San Pedro Carch\u00e1"},"content":{"rendered":"<p style=\"text-align: justify;\">Por instrucciones del se\u00f1or presidente de la Republica Dr. <a href=\"https:\/\/www.facebook.com\/AlejandroGiammattei\/?__cft__%5b0%5d=AZU2DBW01eDfCKcwpNJcYsvue-1MNUsVXs8LqZ_1R_6nzxrsyuyVSFno23d57veHb__Gi1rZ8n9-5GuHVqPeY-L1K5EAIUBvDGb91LqhL2TvQ0POq88S7zofVfJKAgnuDMU_EKcR3Gm-dAQeVxT9KHg7&amp;__tn__=kK-R\" target=\"_blank\" rel=\"noopener\">Alejandro Giammattei<\/a> el Ministro de Comunicaciones, Infraestructura y Vivienda, <a href=\"https:\/\/www.facebook.com\/hashtag\/javiermaldonado?__eep__=6&amp;__cft__%5b0%5d=AZU2DBW01eDfCKcwpNJcYsvue-1MNUsVXs8LqZ_1R_6nzxrsyuyVSFno23d57veHb__Gi1rZ8n9-5GuHVqPeY-L1K5EAIUBvDGb91LqhL2TvQ0POq88S7zofVfJKAgnuDMU_EKcR3Gm-dAQeVxT9KHg7&amp;__tn__=*NK-R\" target=\"_blank\" rel=\"noopener\">#JavierMaldonado<\/a>, atendi\u00f3 a comunitarios de la Aldea Campur de San Pedro Carch\u00e1, quienes presentaron sus inconformidades sobre la construcci\u00f3n del tramo carretero de Campur hacia Fray Bartolom\u00e9 de las Casas.<\/p>\n<p style=\"text-align: justify;\">En la reuni\u00f3n estuvo presente el se\u00f1or Gobernador Departamental, Romel Manuel Veliz Castro y el Diputado por Alta Verapaz, Darwin Lucas, quienes dar\u00e1n seguimiento a las solicitudes presentadas por los comunitarios: El Se\u00f1or Ministro del <a href=\"https:\/\/www.facebook.com\/civguate\/?__cft__%5b0%5d=AZU2DBW01eDfCKcwpNJcYsvue-1MNUsVXs8LqZ_1R_6nzxrsyuyVSFno23d57veHb__Gi1rZ8n9-5GuHVqPeY-L1K5EAIUBvDGb91LqhL2TvQ0POq88S7zofVfJKAgnuDMU_EKcR3Gm-dAQeVxT9KHg7&amp;__tn__=kK-R\" target=\"_blank\" rel=\"noopener\">CIV- Ministerio de Comunicaciones<\/a>, Javier Maldonado, expuso el procedimiento que se realizara desde el Ministerio, una de los primeras acciones, fue programar una reuni\u00f3n con los representantes legales de la empresa que tiene a cargo dicha obra, para dilucidar todas las dudas y acciones legales que est\u00e1n contrajeron en los gobiernos anteriores, el se\u00f1or Ministro se comprometi\u00f3 con los comunitarios que de no tener respuestas prontas y favorables, iniciara con los procesos legales que correspondan.<\/p>\n<p style=\"text-align: justify;\">De la misma manera se resalt\u00f3 que dentro del presupuesto 2022 se tiene programado la construcci\u00f3n de 10 kil\u00f3metros del tramo carretero Campur, hacia Fray Bartolom\u00e9 de las Casas, lo cual trabajando de la mano con los comunitarios, Gobierno local, Departamental y Nacional se solicitara una ampliaci\u00f3n.<\/p>\n<p><a href=\"https:\/\/www.facebook.com\/hashtag\/altaverapazsigueavanzando?__eep__=6&amp;__cft__%5b0%5d=AZU2DBW01eDfCKcwpNJcYsvue-1MNUsVXs8LqZ_1R_6nzxrsyuyVSFno23d57veHb__Gi1rZ8n9-5GuHVqPeY-L1K5EAIUBvDGb91LqhL2TvQ0POq88S7zofVfJKAgnuDMU_EKcR3Gm-dAQeVxT9KHg7&amp;__tn__=*NK-R\" target=\"_blank\" rel=\"noopener\">#altaverapazsigueavanzando<br \/>\n<\/a><a href=\"https:\/\/www.facebook.com\/hashtag\/accionesquetransforman?__eep__=6&amp;__cft__%5b0%5d=AZU2DBW01eDfCKcwpNJcYsvue-1MNUsVXs8LqZ_1R_6nzxrsyuyVSFno23d57veHb__Gi1rZ8n9-5GuHVqPeY-L1K5EAIUBvDGb91LqhL2TvQ0POq88S7zofVfJKAgnuDMU_EKcR3Gm-dAQeVxT9KHg7&amp;__tn__=*NK-R\" target=\"_blank\" rel=\"noopener\">#AccionesQueTransforman<\/a><\/p>\n<div><\/div>\n<p>&nbsp;<\/p>\n","protected":false},"excerpt":{"rendered":"<p>Por instrucciones del se\u00f1or presidente de la Republica Dr. Alejandro Giammattei el Ministro de Comunicaciones, Infraestructura y Vivienda, #JavierMaldonado, atendi\u00f3 a comunitarios de la Aldea Campur de San Pedro Carch\u00e1, quienes presentaron sus inconformidades sobre la construcci\u00f3n del tramo carretero de Campur hacia Fray Bartolom\u00e9 de las Casas. En la reuni\u00f3n estuvo presente el se\u00f1or [&hellip;]<\/p>\n","protected":false},"author":1,"featured_media":11841,"comment_status":"closed","ping_status":"open","sticky":false,"template":"","format":"gallery","meta":[],"categories":[183],"tags":[178],"_links":{"self":[{"href":"https:\/\/gobernacionaltaverapaz.gob.gt\/index.php?rest_route=\/wp\/v2\/posts\/11837"}],"collection":[{"href":"https:\/\/gobernacionaltaverapaz.gob.gt\/index.php?rest_route=\/wp\/v2\/posts"}],"about":[{"href":"https:\/\/gobernacionaltaverapaz.gob.gt\/index.php?rest_route=\/wp\/v2\/types\/post"}],"author":[{"embeddable":true,"href":"https:\/\/gobernacionaltaverapaz.gob.gt\/index.php?rest_route=\/wp\/v2\/users\/1"}],"replies":[{"embeddable":true,"href":"https:\/\/gobernacionaltaverapaz.gob.gt\/index.php?rest_route=%2Fwp%2Fv2%2Fcomments&post=11837"}],"version-history":[{"count":2,"href":"https:\/\/gobernacionaltaverapaz.gob.gt\/index.php?rest_route=\/wp\/v2\/posts\/11837\/revisions"}],"predecessor-version":[{"id":11844,"href":"https:\/\/gobernacionaltaverapaz.gob.gt\/index.php?rest_route=\/wp\/v2\/posts\/11837\/revisions\/11844"}],"wp:featuredmedia":[{"embeddable":true,"href":"https:\/\/gobernacionaltaverapaz.gob.gt\/index.php?rest_route=\/wp\/v2\/media\/11841"}],"wp:attachment":[{"href":"https:\/\/gobernacionaltaverapaz.gob.gt\/index.php?rest_route=%2Fwp%2Fv2%2Fmedia&parent=11837"}],"wp:term":[{"taxonomy":"category","embeddable":true,"href":"https:\/\/gobernacionaltaverapaz.gob.gt\/index.php?rest_route=%2Fwp%2Fv2%2Fcategories&post=11837"},{"taxonomy":"post_tag","embeddable":true,"href":"https:\/\/gobernacionaltaverapaz.gob.gt\/index.php?rest_route=%2Fwp%2Fv2%2Ftags&post=11837"}],"curies":[{"name":"wp","href":"https:\/\/api.w.org\/{rel}","templated":true}]}}