{"id":11846,"date":"2021-10-20T11:23:42","date_gmt":"2021-10-20T17:23:42","guid":{"rendered":"https:\/\/gobernacionaltaverapaz.gob.gt\/?p=11846"},"modified":"2021-10-28T12:18:31","modified_gmt":"2021-10-28T18:18:31","slug":"jornada-mvil-de-servicios-integrados-en-san-cristbal-verapaz-alta-verapaz","status":"publish","type":"post","link":"https:\/\/gobernacionaltaverapaz.gob.gt\/?p=11846","title":{"rendered":"Jornada M\u00f3vil de Servicios Integrados en San Crist\u00f3bal Verapaz, Alta Verapaz"},"content":{"rendered":"<p style=\"text-align: justify;\">Estas Jornadas, consisten en el acercamiento temporal de servicios p\u00fablicos que en su mayor\u00eda no cuentan con una delegaci\u00f3n en los municipios; estas son enfocadas al beneficio de la poblaci\u00f3n con una atenci\u00f3n eficaz y eficiente por parte de los servidores p\u00fablicos.<\/p>\n<p style=\"text-align: justify;\">Como parte de las acciones que la <a href=\"https:\/\/www.facebook.com\/secretariaejecutiva.scep\/?__cft__%5b0%5d=AZWxIRkCzaCfJgWtW7LdNl_vkuImDvK9chxKyV2DOxEsA82-g1bObLxQRxwowymRLeQaLpoe7Thi8RPYz3-sKpKHzeNGpcGmLuorIguvOI35mAyYZQ00e5AaoUVWJr_Bt2zsbPF1YZlsSpjst67V9Aav&amp;__tn__=kK-R\">SCEP<\/a> impulsa, se realiz\u00f3 el acercamiento a las autoridades municipales del municipio de San Crist\u00f3bal Verapaz, Alta Verapaz, para realizar la primera Jornada M\u00f3vil de Servicios Integrados del a\u00f1o en el municipio, se estar\u00e1 promocionando la fecha a realizarse por los medios locales y paginas oficiales de las instituciones de Gobierno y Municipalidad de San Crist\u00f3bal Verapaz.<\/p>\n<p style=\"text-align: justify;\">Gobernador Departamental, Romel Manuel V\u00e9liz Castro, resalt\u00f3 la importancia Acercar los servicios b\u00e1sicos y administrativos de las diferentes instituciones de Gobierno donde los usuarios podr\u00e1n acceder a servicios como: antecedentes policiales; certificados de nacimiento y DPI; medicina general, odontolog\u00eda y pediatr\u00eda; emisi\u00f3n de licencias de conducir, renovaciones, reposiciones y transferencias. Adem\u00e1s, tendr\u00e1n acceso a quioscos informativos en diferentes temas.<\/p>\n<p><a href=\"https:\/\/www.facebook.com\/hashtag\/juntossaldremosadelante?__eep__=6&amp;__cft__%5b0%5d=AZWxIRkCzaCfJgWtW7LdNl_vkuImDvK9chxKyV2DOxEsA82-g1bObLxQRxwowymRLeQaLpoe7Thi8RPYz3-sKpKHzeNGpcGmLuorIguvOI35mAyYZQ00e5AaoUVWJr_Bt2zsbPF1YZlsSpjst67V9Aav&amp;__tn__=*NK-R\" target=\"_blank\" rel=\"noopener\">#JuntosSaldremosAdelante<br \/>\n<\/a><a href=\"https:\/\/www.facebook.com\/hashtag\/scepesdesarrollo?__eep__=6&amp;__cft__%5b0%5d=AZWxIRkCzaCfJgWtW7LdNl_vkuImDvK9chxKyV2DOxEsA82-g1bObLxQRxwowymRLeQaLpoe7Thi8RPYz3-sKpKHzeNGpcGmLuorIguvOI35mAyYZQ00e5AaoUVWJr_Bt2zsbPF1YZlsSpjst67V9Aav&amp;__tn__=*NK-R\" target=\"_blank\" rel=\"noopener\">#SCEPesDesarrollo<br \/>\n<\/a><a href=\"https:\/\/www.facebook.com\/hashtag\/altaverapazsigueavanzando?__eep__=6&amp;__cft__%5b0%5d=AZWxIRkCzaCfJgWtW7LdNl_vkuImDvK9chxKyV2DOxEsA82-g1bObLxQRxwowymRLeQaLpoe7Thi8RPYz3-sKpKHzeNGpcGmLuorIguvOI35mAyYZQ00e5AaoUVWJr_Bt2zsbPF1YZlsSpjst67V9Aav&amp;__tn__=*NK-R\" target=\"_blank\" rel=\"noopener\">#altaverapazsigueavanzando<br \/>\n<\/a><a href=\"https:\/\/www.facebook.com\/hashtag\/accionesquetransforman?__eep__=6&amp;__cft__%5b0%5d=AZWxIRkCzaCfJgWtW7LdNl_vkuImDvK9chxKyV2DOxEsA82-g1bObLxQRxwowymRLeQaLpoe7Thi8RPYz3-sKpKHzeNGpcGmLuorIguvOI35mAyYZQ00e5AaoUVWJr_Bt2zsbPF1YZlsSpjst67V9Aav&amp;__tn__=*NK-R\" target=\"_blank\" rel=\"noopener\">#AccionesQueTransforman<\/a><\/p>\n<p><img decoding=\"async\" loading=\"lazy\" class=\"alignnone wp-image-11847 size-full\" src=\"https:\/\/gobernacionaltaverapaz.gob.gt\/wp-content\/uploads\/2021\/10\/001-14.jpg\" alt=\"\" width=\"900\" height=\"600\" srcset=\"https:\/\/gobernacionaltaverapaz.gob.gt\/wp-content\/uploads\/2021\/10\/001-14.jpg 900w, https:\/\/gobernacionaltaverapaz.gob.gt\/wp-content\/uploads\/2021\/10\/001-14-300x200.jpg 300w, https:\/\/gobernacionaltaverapaz.gob.gt\/wp-content\/uploads\/2021\/10\/001-14-768x512.jpg 768w\" sizes=\"(max-width: 900px) 100vw, 900px\" \/> <img decoding=\"async\" loading=\"lazy\" class=\"alignnone wp-image-11849 size-full\" src=\"https:\/\/gobernacionaltaverapaz.gob.gt\/wp-content\/uploads\/2021\/10\/003-14.jpg\" alt=\"\" width=\"900\" height=\"600\" srcset=\"https:\/\/gobernacionaltaverapaz.gob.gt\/wp-content\/uploads\/2021\/10\/003-14.jpg 900w, https:\/\/gobernacionaltaverapaz.gob.gt\/wp-content\/uploads\/2021\/10\/003-14-300x200.jpg 300w, https:\/\/gobernacionaltaverapaz.gob.gt\/wp-content\/uploads\/2021\/10\/003-14-768x512.jpg 768w\" sizes=\"(max-width: 900px) 100vw, 900px\" \/> <img decoding=\"async\" loading=\"lazy\" class=\"alignnone wp-image-11850 size-full\" src=\"https:\/\/gobernacionaltaverapaz.gob.gt\/wp-content\/uploads\/2021\/10\/004-13.jpg\" alt=\"\" width=\"900\" height=\"600\" srcset=\"https:\/\/gobernacionaltaverapaz.gob.gt\/wp-content\/uploads\/2021\/10\/004-13.jpg 900w, https:\/\/gobernacionaltaverapaz.gob.gt\/wp-content\/uploads\/2021\/10\/004-13-300x200.jpg 300w, https:\/\/gobernacionaltaverapaz.gob.gt\/wp-content\/uploads\/2021\/10\/004-13-768x512.jpg 768w\" sizes=\"(max-width: 900px) 100vw, 900px\" \/><\/p>\n","protected":false},"excerpt":{"rendered":"<p>Estas Jornadas, consisten en el acercamiento temporal de servicios p\u00fablicos que en su mayor\u00eda no cuentan con una delegaci\u00f3n en los municipios; estas son enfocadas al beneficio de la poblaci\u00f3n con una atenci\u00f3n eficaz y eficiente por parte de los servidores p\u00fablicos. Como parte de las acciones que la SCEP impulsa, se realiz\u00f3 el acercamiento [&hellip;]<\/p>\n","protected":false},"author":1,"featured_media":11848,"comment_status":"closed","ping_status":"open","sticky":false,"template":"","format":"standard","meta":[],"categories":[183],"tags":[178],"_links":{"self":[{"href":"https:\/\/gobernacionaltaverapaz.gob.gt\/index.php?rest_route=\/wp\/v2\/posts\/11846"}],"collection":[{"href":"https:\/\/gobernacionaltaverapaz.gob.gt\/index.php?rest_route=\/wp\/v2\/posts"}],"about":[{"href":"https:\/\/gobernacionaltaverapaz.gob.gt\/index.php?rest_route=\/wp\/v2\/types\/post"}],"author":[{"embeddable":true,"href":"https:\/\/gobernacionaltaverapaz.gob.gt\/index.php?rest_route=\/wp\/v2\/users\/1"}],"replies":[{"embeddable":true,"href":"https:\/\/gobernacionaltaverapaz.gob.gt\/index.php?rest_route=%2Fwp%2Fv2%2Fcomments&post=11846"}],"version-history":[{"count":1,"href":"https:\/\/gobernacionaltaverapaz.gob.gt\/index.php?rest_route=\/wp\/v2\/posts\/11846\/revisions"}],"predecessor-version":[{"id":11851,"href":"https:\/\/gobernacionaltaverapaz.gob.gt\/index.php?rest_route=\/wp\/v2\/posts\/11846\/revisions\/11851"}],"wp:featuredmedia":[{"embeddable":true,"href":"https:\/\/gobernacionaltaverapaz.gob.gt\/index.php?rest_route=\/wp\/v2\/media\/11848"}],"wp:attachment":[{"href":"https:\/\/gobernacionaltaverapaz.gob.gt\/index.php?rest_route=%2Fwp%2Fv2%2Fmedia&parent=11846"}],"wp:term":[{"taxonomy":"category","embeddable":true,"href":"https:\/\/gobernacionaltaverapaz.gob.gt\/index.php?rest_route=%2Fwp%2Fv2%2Fcategories&post=11846"},{"taxonomy":"post_tag","embeddable":true,"href":"https:\/\/gobernacionaltaverapaz.gob.gt\/index.php?rest_route=%2Fwp%2Fv2%2Ftags&post=11846"}],"curies":[{"name":"wp","href":"https:\/\/api.w.org\/{rel}","templated":true}]}}