{"id":11884,"date":"2021-11-03T20:26:51","date_gmt":"2021-11-04T02:26:51","guid":{"rendered":"https:\/\/gobernacionaltaverapaz.gob.gt\/?p=11884"},"modified":"2021-11-25T08:37:00","modified_gmt":"2021-11-25T14:37:00","slug":"decimotercera-jornada-de-servicios-integrados-se-efectuar-en-san-cristbal-verapaz","status":"publish","type":"post","link":"https:\/\/gobernacionaltaverapaz.gob.gt\/?p=11884","title":{"rendered":"Decimotercera jornada de servicios integrados se efectuar\u00e1 en San Crist\u00f3bal Verapaz"},"content":{"rendered":"<p style=\"text-align: justify;\">El objetivo es apoyar a vecinos del municipio alta verapacense para que puedan hacer diversos tr\u00e1mites en un solo lugar.<\/p>\n<p style=\"text-align: justify;\">La Secretar\u00eda de Coordinaci\u00f3n Ejecutiva de la Presidencia (<a href=\"https:\/\/www.facebook.com\/secretariaejecutiva.scep\/?__cft__%5b0%5d=AZW_8_BH4qfVS36v1T5U2YyDEhr69yjW0AtlTIstWTpVvej80XZygy3Tcfp4wM1kpu1PTipXwIQOdnjsx1I3ECkRLM3RwkcRkbel4I8p6CFqGMUcB0ElT4HLkVB0k72yg_qDzj5HPyFsj3WY9SfGvKLi&amp;__tn__=kK-R\" target=\"_blank\" rel=\"noopener\">SCEP<\/a>) beneficiar\u00e1 a los vecinos de San Crist\u00f3bal Verapaz, Alta Verapaz, con su decimotercera jornada m\u00f3vil de servicios integrados.<\/p>\n<p style=\"text-align: justify;\">Representantes de esa dependencia y autoridades locales informaron este mi\u00e9rcoles que la actividad se llevar\u00e1 a cabo del 8 al 12 de este mes.<\/p>\n<p style=\"text-align: justify;\">El objetivo es acercar de forma temporal los servicios p\u00fablicos a los cuales no se tiene acceso en el municipio y as\u00ed beneficiar a la poblaci\u00f3n. Con la ejecuci\u00f3n de esta iniciativa, los pobladores podr\u00e1n realizar diversos tr\u00e1mites en el sal\u00f3n municipal, seleccionado para la jornada.<\/p>\n<p style=\"text-align: justify;\">el gobernador Romel V\u00e9liz invit\u00f3 a los vecinos a aprovechar esta oportunidad para efectuar sus tr\u00e1mites y aplaudi\u00f3 el apoyo de los entes estatales que estar\u00e1n presentes en el territorio. Seg\u00fan dijo, con esto se favorecer\u00e1 tambi\u00e9n a municipios vecinos.<\/p>\n<p style=\"text-align: justify;\">Entre las gestiones que podr\u00e1n efectuarse durante la jornada figuran:<\/p>\n<ul>\n<li style=\"text-align: justify;\">Constancia de carencia de antecedentes penales y policiacos<\/li>\n<li style=\"text-align: justify;\">Certificaciones de nacimiento<\/li>\n<li style=\"text-align: justify;\">Solicitud y reposici\u00f3n de documento personal de identificaci\u00f3n (DPI)<\/li>\n<li style=\"text-align: justify;\">Consulta m\u00e9dica general y de pediatr\u00eda<\/li>\n<li style=\"text-align: justify;\">Servicios de odontolog\u00eda<\/li>\n<li style=\"text-align: justify;\">Emisi\u00f3n y renovaci\u00f3n de licencias de conducir.<\/li>\n<\/ul>\n<p><a href=\"https:\/\/www.facebook.com\/hashtag\/scepesdesarrollo?__eep__=6&amp;__cft__%5b0%5d=AZW_8_BH4qfVS36v1T5U2YyDEhr69yjW0AtlTIstWTpVvej80XZygy3Tcfp4wM1kpu1PTipXwIQOdnjsx1I3ECkRLM3RwkcRkbel4I8p6CFqGMUcB0ElT4HLkVB0k72yg_qDzj5HPyFsj3WY9SfGvKLi&amp;__tn__=*NK-R\" target=\"_blank\" rel=\"noopener\">#SCEPesDesarrollo<br \/>\n<\/a><a href=\"https:\/\/www.facebook.com\/hashtag\/altaverapazsigueavanzando?__eep__=6&amp;__cft__%5b0%5d=AZW_8_BH4qfVS36v1T5U2YyDEhr69yjW0AtlTIstWTpVvej80XZygy3Tcfp4wM1kpu1PTipXwIQOdnjsx1I3ECkRLM3RwkcRkbel4I8p6CFqGMUcB0ElT4HLkVB0k72yg_qDzj5HPyFsj3WY9SfGvKLi&amp;__tn__=*NK-R\" target=\"_blank\" rel=\"noopener\">#altaverapazsigueavanzando<br \/>\n<\/a><a href=\"https:\/\/www.facebook.com\/hashtag\/accionesquetransforman?__eep__=6&amp;__cft__%5b0%5d=AZW_8_BH4qfVS36v1T5U2YyDEhr69yjW0AtlTIstWTpVvej80XZygy3Tcfp4wM1kpu1PTipXwIQOdnjsx1I3ECkRLM3RwkcRkbel4I8p6CFqGMUcB0ElT4HLkVB0k72yg_qDzj5HPyFsj3WY9SfGvKLi&amp;__tn__=*NK-R\" target=\"_blank\" rel=\"noopener\">#AccionesQueTransforman<\/a><\/p>\n<p><img decoding=\"async\" loading=\"lazy\" class=\"alignnone wp-image-11885 size-full\" src=\"https:\/\/gobernacionaltaverapaz.gob.gt\/wp-content\/uploads\/2021\/11\/001-3.jpg\" alt=\"\" width=\"900\" height=\"480\" srcset=\"https:\/\/gobernacionaltaverapaz.gob.gt\/wp-content\/uploads\/2021\/11\/001-3.jpg 900w, https:\/\/gobernacionaltaverapaz.gob.gt\/wp-content\/uploads\/2021\/11\/001-3-300x160.jpg 300w, https:\/\/gobernacionaltaverapaz.gob.gt\/wp-content\/uploads\/2021\/11\/001-3-768x410.jpg 768w\" sizes=\"(max-width: 900px) 100vw, 900px\" \/> <img decoding=\"async\" loading=\"lazy\" class=\"alignnone wp-image-11887 size-full\" src=\"https:\/\/gobernacionaltaverapaz.gob.gt\/wp-content\/uploads\/2021\/11\/003-1.jpg\" alt=\"\" width=\"900\" height=\"600\" srcset=\"https:\/\/gobernacionaltaverapaz.gob.gt\/wp-content\/uploads\/2021\/11\/003-1.jpg 900w, https:\/\/gobernacionaltaverapaz.gob.gt\/wp-content\/uploads\/2021\/11\/003-1-300x200.jpg 300w, https:\/\/gobernacionaltaverapaz.gob.gt\/wp-content\/uploads\/2021\/11\/003-1-768x512.jpg 768w\" sizes=\"(max-width: 900px) 100vw, 900px\" \/><\/p>\n","protected":false},"excerpt":{"rendered":"<p>El objetivo es apoyar a vecinos del municipio alta verapacense para que puedan hacer diversos tr\u00e1mites en un solo lugar. La Secretar\u00eda de Coordinaci\u00f3n Ejecutiva de la Presidencia (SCEP) beneficiar\u00e1 a los vecinos de San Crist\u00f3bal Verapaz, Alta Verapaz, con su decimotercera jornada m\u00f3vil de servicios integrados. Representantes de esa dependencia y autoridades locales informaron [&hellip;]<\/p>\n","protected":false},"author":1,"featured_media":11886,"comment_status":"closed","ping_status":"open","sticky":false,"template":"","format":"standard","meta":[],"categories":[183,182],"tags":[178],"_links":{"self":[{"href":"https:\/\/gobernacionaltaverapaz.gob.gt\/index.php?rest_route=\/wp\/v2\/posts\/11884"}],"collection":[{"href":"https:\/\/gobernacionaltaverapaz.gob.gt\/index.php?rest_route=\/wp\/v2\/posts"}],"about":[{"href":"https:\/\/gobernacionaltaverapaz.gob.gt\/index.php?rest_route=\/wp\/v2\/types\/post"}],"author":[{"embeddable":true,"href":"https:\/\/gobernacionaltaverapaz.gob.gt\/index.php?rest_route=\/wp\/v2\/users\/1"}],"replies":[{"embeddable":true,"href":"https:\/\/gobernacionaltaverapaz.gob.gt\/index.php?rest_route=%2Fwp%2Fv2%2Fcomments&post=11884"}],"version-history":[{"count":1,"href":"https:\/\/gobernacionaltaverapaz.gob.gt\/index.php?rest_route=\/wp\/v2\/posts\/11884\/revisions"}],"predecessor-version":[{"id":11888,"href":"https:\/\/gobernacionaltaverapaz.gob.gt\/index.php?rest_route=\/wp\/v2\/posts\/11884\/revisions\/11888"}],"wp:featuredmedia":[{"embeddable":true,"href":"https:\/\/gobernacionaltaverapaz.gob.gt\/index.php?rest_route=\/wp\/v2\/media\/11886"}],"wp:attachment":[{"href":"https:\/\/gobernacionaltaverapaz.gob.gt\/index.php?rest_route=%2Fwp%2Fv2%2Fmedia&parent=11884"}],"wp:term":[{"taxonomy":"category","embeddable":true,"href":"https:\/\/gobernacionaltaverapaz.gob.gt\/index.php?rest_route=%2Fwp%2Fv2%2Fcategories&post=11884"},{"taxonomy":"post_tag","embeddable":true,"href":"https:\/\/gobernacionaltaverapaz.gob.gt\/index.php?rest_route=%2Fwp%2Fv2%2Ftags&post=11884"}],"curies":[{"name":"wp","href":"https:\/\/api.w.org\/{rel}","templated":true}]}}