{"id":11897,"date":"2021-11-09T07:19:01","date_gmt":"2021-11-09T13:19:01","guid":{"rendered":"https:\/\/gobernacionaltaverapaz.gob.gt\/?p=11897"},"modified":"2021-11-25T09:11:44","modified_gmt":"2021-11-25T15:11:44","slug":"con-apoyo-de-southern-command-southcom-embassy-guatemala-abren-clnica-municipal-en-cobn","status":"publish","type":"post","link":"https:\/\/gobernacionaltaverapaz.gob.gt\/?p=11897","title":{"rendered":"Con apoyo de U.S. Southern Command (SOUTHCOM) US Embassy Guatemala abren cl\u00ednica municipal en Cob\u00e1n"},"content":{"rendered":"<p style=\"text-align: justify;\">Embajador adjunto del pa\u00eds norteamericano lleg\u00f3 a la cabecera de Alta Verapaz para inaugurar el proyecto.<\/p>\n<p style=\"text-align: justify;\">La colaboraci\u00f3n de la <a href=\"https:\/\/www.facebook.com\/Embajada.EEUU.Guatemala\/?__cft__%5b0%5d=AZXvYn0ENcmAab4zIKgUthsAABYvS12qG3v3CMQ5A6yTdkPU3rPPUrNVjQFSpki1QLQmJorhYCyY7E9MHtd0o1E0_6fudNuxolpUU5Axwid81rLAvukD-bvw3H8SpMGE1K1yP5nfJiuc4xRox0oa8r-o&amp;__tn__=kK-R\" target=\"_blank\" rel=\"noopener\">US Embassy Guatemala<\/a> hizo posible la habilitaci\u00f3n de una cl\u00ednica municipal en Cob\u00e1n, Alta Verapaz.<\/p>\n<p style=\"text-align: justify;\">Una comitiva, que encabez\u00f3 el embajador adjunto de ese pa\u00eds, Daniel Fenel, entreg\u00f3 este lunes las instalaciones totalmente equipadas, las cuales funcionar\u00e1n en colaboraci\u00f3n del Ministerio de Salud y la comuna.<\/p>\n<p style=\"text-align: justify;\">El gobernador Romel V\u00e9liz se congratul\u00f3 por la donaci\u00f3n y destac\u00f3 los beneficios que tendr\u00e1 la poblaci\u00f3n al contar con este espacio. Asimismo, en nombre del presidente <a href=\"https:\/\/www.facebook.com\/AlejandroGiammattei\/?__cft__%5b0%5d=AZXvYn0ENcmAab4zIKgUthsAABYvS12qG3v3CMQ5A6yTdkPU3rPPUrNVjQFSpki1QLQmJorhYCyY7E9MHtd0o1E0_6fudNuxolpUU5Axwid81rLAvukD-bvw3H8SpMGE1K1yP5nfJiuc4xRox0oa8r-o&amp;__tn__=kK-R\" target=\"_blank\" rel=\"noopener\">Alejandro Giammattei<\/a> agradeci\u00f3 al pa\u00eds amigo por mantener la ayuda al municipio. En la misma l\u00ednea se pronunci\u00f3 el alcalde Leonel Chac\u00f3n, quien record\u00f3 que EE. UU. Ha contribuido con diversos proyectos al desarrollo de Cob\u00e1n.<\/p>\n<p style=\"text-align: justify;\">Ambos funcionarios coincidieron en que este tipo de acciones refuerzan los lazos de amistad entre las naciones, as\u00ed como el combate a la pandemia de COVID-19.<\/p>\n<p style=\"text-align: justify;\">Por su parte, Fenel expres\u00f3 el inter\u00e9s del Gobierno de Estados Unidos de apoyar a Guatemala a garantizar la salud y bienestar de la poblaci\u00f3n.<\/p>\n<p style=\"text-align: justify;\">A\u00f1adi\u00f3 que se invirtieron 1.2 millones de d\u00f3lares (9.2 millones de quetzales) para habilitar la cl\u00ednica municipal. Entretanto, para el equipo m\u00e9dico se erogaron 600 mil d\u00f3lares (4.6 millones de quetzales).<\/p>\n<p style=\"text-align: justify;\">Camas, equipo para cirug\u00edas y congeladores son algunos de los elementos que se donaron, a lo cual se suma todo lo que utilizar\u00e1 el personal que se encargar\u00e1 de la atenci\u00f3n de los pacientes. El diplom\u00e1tico a\u00f1adi\u00f3 que con este proyecto los vecinos contar\u00e1n con gran cantidad de servicios para cuidar y recuperar su salud.<\/p>\n<p><a href=\"https:\/\/www.facebook.com\/guatemalagob\/?__cft__%5b0%5d=AZXvYn0ENcmAab4zIKgUthsAABYvS12qG3v3CMQ5A6yTdkPU3rPPUrNVjQFSpki1QLQmJorhYCyY7E9MHtd0o1E0_6fudNuxolpUU5Axwid81rLAvukD-bvw3H8SpMGE1K1yP5nfJiuc4xRox0oa8r-o&amp;__tn__=kK-R\" target=\"_blank\" rel=\"noopener\">Gobierno de Guatemala<br \/>\n<\/a><a href=\"https:\/\/www.facebook.com\/hashtag\/accionesquetransforman?__eep__=6&amp;__cft__%5b0%5d=AZXvYn0ENcmAab4zIKgUthsAABYvS12qG3v3CMQ5A6yTdkPU3rPPUrNVjQFSpki1QLQmJorhYCyY7E9MHtd0o1E0_6fudNuxolpUU5Axwid81rLAvukD-bvw3H8SpMGE1K1yP5nfJiuc4xRox0oa8r-o&amp;__tn__=*NK-R\" target=\"_blank\" rel=\"noopener\">#AccionesQueTransforman<br \/>\n<\/a><a href=\"https:\/\/www.facebook.com\/hashtag\/altaverapazsigueavanzando?__eep__=6&amp;__cft__%5b0%5d=AZXvYn0ENcmAab4zIKgUthsAABYvS12qG3v3CMQ5A6yTdkPU3rPPUrNVjQFSpki1QLQmJorhYCyY7E9MHtd0o1E0_6fudNuxolpUU5Axwid81rLAvukD-bvw3H8SpMGE1K1yP5nfJiuc4xRox0oa8r-o&amp;__tn__=*NK-R\" target=\"_blank\" rel=\"noopener\">#altaverapazsigueavanzando<\/a><\/p>\n<div><\/div>\n<p>&nbsp;<\/p>\n","protected":false},"excerpt":{"rendered":"<p>Embajador adjunto del pa\u00eds norteamericano lleg\u00f3 a la cabecera de Alta Verapaz para inaugurar el proyecto. La colaboraci\u00f3n de la US Embassy Guatemala hizo posible la habilitaci\u00f3n de una cl\u00ednica municipal en Cob\u00e1n, Alta Verapaz. Una comitiva, que encabez\u00f3 el embajador adjunto de ese pa\u00eds, Daniel Fenel, entreg\u00f3 este lunes las instalaciones totalmente equipadas, las [&hellip;]<\/p>\n","protected":false},"author":1,"featured_media":11899,"comment_status":"closed","ping_status":"open","sticky":false,"template":"","format":"gallery","meta":[],"categories":[5],"tags":[178],"_links":{"self":[{"href":"https:\/\/gobernacionaltaverapaz.gob.gt\/index.php?rest_route=\/wp\/v2\/posts\/11897"}],"collection":[{"href":"https:\/\/gobernacionaltaverapaz.gob.gt\/index.php?rest_route=\/wp\/v2\/posts"}],"about":[{"href":"https:\/\/gobernacionaltaverapaz.gob.gt\/index.php?rest_route=\/wp\/v2\/types\/post"}],"author":[{"embeddable":true,"href":"https:\/\/gobernacionaltaverapaz.gob.gt\/index.php?rest_route=\/wp\/v2\/users\/1"}],"replies":[{"embeddable":true,"href":"https:\/\/gobernacionaltaverapaz.gob.gt\/index.php?rest_route=%2Fwp%2Fv2%2Fcomments&post=11897"}],"version-history":[{"count":3,"href":"https:\/\/gobernacionaltaverapaz.gob.gt\/index.php?rest_route=\/wp\/v2\/posts\/11897\/revisions"}],"predecessor-version":[{"id":11905,"href":"https:\/\/gobernacionaltaverapaz.gob.gt\/index.php?rest_route=\/wp\/v2\/posts\/11897\/revisions\/11905"}],"wp:featuredmedia":[{"embeddable":true,"href":"https:\/\/gobernacionaltaverapaz.gob.gt\/index.php?rest_route=\/wp\/v2\/media\/11899"}],"wp:attachment":[{"href":"https:\/\/gobernacionaltaverapaz.gob.gt\/index.php?rest_route=%2Fwp%2Fv2%2Fmedia&parent=11897"}],"wp:term":[{"taxonomy":"category","embeddable":true,"href":"https:\/\/gobernacionaltaverapaz.gob.gt\/index.php?rest_route=%2Fwp%2Fv2%2Fcategories&post=11897"},{"taxonomy":"post_tag","embeddable":true,"href":"https:\/\/gobernacionaltaverapaz.gob.gt\/index.php?rest_route=%2Fwp%2Fv2%2Ftags&post=11897"}],"curies":[{"name":"wp","href":"https:\/\/api.w.org\/{rel}","templated":true}]}}