{"id":11906,"date":"2021-11-09T16:35:09","date_gmt":"2021-11-09T22:35:09","guid":{"rendered":"https:\/\/gobernacionaltaverapaz.gob.gt\/?p=11906"},"modified":"2021-11-25T09:35:54","modified_gmt":"2021-11-25T15:35:54","slug":"gobierno-acerca-servicios-pblicos-vecinos-de-san-cristbal-verapaz","status":"publish","type":"post","link":"https:\/\/gobernacionaltaverapaz.gob.gt\/?p=11906","title":{"rendered":"Gobierno acerca servicios p\u00fablicos a vecinos de San Crist\u00f3bal Verapaz"},"content":{"rendered":"<p style=\"text-align: justify;\">La <a href=\"https:\/\/www.facebook.com\/secretariaejecutiva.scep\/?__cft__%5b0%5d=AZWMTwZ5cpRFTn38bRMvnKAe1msecm2BqQ9CmT7QL6LlCK4Hx_OLLjV2ky543KGPWnDl4Os_EvqOIUqMH0ci7fQpkbi2QUHRjAHeWj2QXh7Z_iTuMWLZrT-BSNPjqXUJiTciTXfAVbSpCL_S_iGOO2zR&amp;__tn__=kK-R\" target=\"_blank\" rel=\"noopener\">SCEP<\/a> lleva a cabo la decimotercera jornada m\u00f3vil de servicios integrados de este a\u00f1o en el municipio altaverapacense.<\/p>\n<p style=\"text-align: justify;\">San Crist\u00f3bal Verapaz es la sede de la tercera jornada de servicios m\u00f3viles que se realiza este a\u00f1o en Alta Verapaz y la decimotercera en todo el pa\u00eds. La Secretar\u00eda de Coordinaci\u00f3n Ejecutiva de la Presidencia (<a href=\"https:\/\/www.facebook.com\/secretariaejecutiva.scep\/?__cft__%5b0%5d=AZWMTwZ5cpRFTn38bRMvnKAe1msecm2BqQ9CmT7QL6LlCK4Hx_OLLjV2ky543KGPWnDl4Os_EvqOIUqMH0ci7fQpkbi2QUHRjAHeWj2QXh7Z_iTuMWLZrT-BSNPjqXUJiTciTXfAVbSpCL_S_iGOO2zR&amp;__tn__=kK-R\" target=\"_blank\" rel=\"noopener\">SCEP<\/a>) y autoridades locales inauguraron este martes la actividad, que permitir\u00e1 a los vecinos efectuar diversos tr\u00e1mites en un solo lugar.<\/p>\n<p style=\"text-align: justify;\">A partir de este d\u00eda y hasta el viernes, diversas instituciones atender\u00e1n a la poblaci\u00f3n en el sal\u00f3n municipal, de 8:00 a 17:00 horas.<\/p>\n<p style=\"text-align: justify;\">El gobernador Romel V\u00e9liz invit\u00f3 a los vecinos a aprovechar esta oportunidad y aplaudi\u00f3 el apoyo de los entes gubernamentales que estar\u00e1n presentes en el territorio, con esto se favorecer\u00e1 tambi\u00e9n a municipios vecinos, no solo de Alta Verapaz sino tambi\u00e9n de Baja Verapaz y Quich\u00e9.<\/p>\n<p style=\"text-align: justify;\">Adem\u00e1s de acceder a la bolsa de empleo del Ministerio de Trabajo, las personas podr\u00e1n efectuar otras gestiones como las siguientes:<\/p>\n<ul>\n<li style=\"text-align: justify;\">Constancia de carencia de antecedentes penales y policiacos<\/li>\n<li style=\"text-align: justify;\">Certificaciones de nacimiento<\/li>\n<li style=\"text-align: justify;\">Solicitud y reposici\u00f3n de documento personal de identificaci\u00f3n (DPI)<\/li>\n<li style=\"text-align: justify;\">Consulta m\u00e9dica general y de pediatr\u00eda<\/li>\n<li style=\"text-align: justify;\">Servicios de odontolog\u00eda<\/li>\n<li style=\"text-align: justify;\">Emisi\u00f3n y renovaci\u00f3n de licencias de conducir.<\/li>\n<\/ul>\n<p><a href=\"https:\/\/www.facebook.com\/hashtag\/scepesdesarrollo?__eep__=6&amp;__cft__%5b0%5d=AZWMTwZ5cpRFTn38bRMvnKAe1msecm2BqQ9CmT7QL6LlCK4Hx_OLLjV2ky543KGPWnDl4Os_EvqOIUqMH0ci7fQpkbi2QUHRjAHeWj2QXh7Z_iTuMWLZrT-BSNPjqXUJiTciTXfAVbSpCL_S_iGOO2zR&amp;__tn__=*NK-R\" target=\"_blank\" rel=\"noopener\">#SCEPesDesarrollo<br \/>\n<\/a><a href=\"https:\/\/www.facebook.com\/hashtag\/accionesquetransforman?__eep__=6&amp;__cft__%5b0%5d=AZWMTwZ5cpRFTn38bRMvnKAe1msecm2BqQ9CmT7QL6LlCK4Hx_OLLjV2ky543KGPWnDl4Os_EvqOIUqMH0ci7fQpkbi2QUHRjAHeWj2QXh7Z_iTuMWLZrT-BSNPjqXUJiTciTXfAVbSpCL_S_iGOO2zR&amp;__tn__=*NK-R\" target=\"_blank\" rel=\"noopener\">#AccionesQueTransforman<br \/>\n<\/a><a href=\"https:\/\/www.facebook.com\/hashtag\/altaverapazsigueavanzando?__eep__=6&amp;__cft__%5b0%5d=AZWMTwZ5cpRFTn38bRMvnKAe1msecm2BqQ9CmT7QL6LlCK4Hx_OLLjV2ky543KGPWnDl4Os_EvqOIUqMH0ci7fQpkbi2QUHRjAHeWj2QXh7Z_iTuMWLZrT-BSNPjqXUJiTciTXfAVbSpCL_S_iGOO2zR&amp;__tn__=*NK-R\" target=\"_blank\" rel=\"noopener\">#altaverapazsigueavanzando<\/a><\/p>\n<div><\/div>\n<p>&nbsp;<\/p>\n","protected":false},"excerpt":{"rendered":"<p>La SCEP lleva a cabo la decimotercera jornada m\u00f3vil de servicios integrados de este a\u00f1o en el municipio altaverapacense. San Crist\u00f3bal Verapaz es la sede de la tercera jornada de servicios m\u00f3viles que se realiza este a\u00f1o en Alta Verapaz y la decimotercera en todo el pa\u00eds. La Secretar\u00eda de Coordinaci\u00f3n Ejecutiva de la Presidencia [&hellip;]<\/p>\n","protected":false},"author":1,"featured_media":11913,"comment_status":"closed","ping_status":"open","sticky":false,"template":"","format":"gallery","meta":[],"categories":[183],"tags":[178],"_links":{"self":[{"href":"https:\/\/gobernacionaltaverapaz.gob.gt\/index.php?rest_route=\/wp\/v2\/posts\/11906"}],"collection":[{"href":"https:\/\/gobernacionaltaverapaz.gob.gt\/index.php?rest_route=\/wp\/v2\/posts"}],"about":[{"href":"https:\/\/gobernacionaltaverapaz.gob.gt\/index.php?rest_route=\/wp\/v2\/types\/post"}],"author":[{"embeddable":true,"href":"https:\/\/gobernacionaltaverapaz.gob.gt\/index.php?rest_route=\/wp\/v2\/users\/1"}],"replies":[{"embeddable":true,"href":"https:\/\/gobernacionaltaverapaz.gob.gt\/index.php?rest_route=%2Fwp%2Fv2%2Fcomments&post=11906"}],"version-history":[{"count":2,"href":"https:\/\/gobernacionaltaverapaz.gob.gt\/index.php?rest_route=\/wp\/v2\/posts\/11906\/revisions"}],"predecessor-version":[{"id":11919,"href":"https:\/\/gobernacionaltaverapaz.gob.gt\/index.php?rest_route=\/wp\/v2\/posts\/11906\/revisions\/11919"}],"wp:featuredmedia":[{"embeddable":true,"href":"https:\/\/gobernacionaltaverapaz.gob.gt\/index.php?rest_route=\/wp\/v2\/media\/11913"}],"wp:attachment":[{"href":"https:\/\/gobernacionaltaverapaz.gob.gt\/index.php?rest_route=%2Fwp%2Fv2%2Fmedia&parent=11906"}],"wp:term":[{"taxonomy":"category","embeddable":true,"href":"https:\/\/gobernacionaltaverapaz.gob.gt\/index.php?rest_route=%2Fwp%2Fv2%2Fcategories&post=11906"},{"taxonomy":"post_tag","embeddable":true,"href":"https:\/\/gobernacionaltaverapaz.gob.gt\/index.php?rest_route=%2Fwp%2Fv2%2Ftags&post=11906"}],"curies":[{"name":"wp","href":"https:\/\/api.w.org\/{rel}","templated":true}]}}