{"id":11937,"date":"2021-11-10T17:02:40","date_gmt":"2021-11-10T23:02:40","guid":{"rendered":"https:\/\/gobernacionaltaverapaz.gob.gt\/?p=11937"},"modified":"2021-11-25T10:17:50","modified_gmt":"2021-11-25T16:17:50","slug":"igss-instituto-guatemalteco-de-seguridad-social-presenta-centro-de-hemodilisis-de-cobn","status":"publish","type":"post","link":"https:\/\/gobernacionaltaverapaz.gob.gt\/?p=11937","title":{"rendered":"IGSS &#8211; Instituto Guatemalteco de Seguridad Social presenta centro de hemodi\u00e1lisis de Cob\u00e1n"},"content":{"rendered":"<p style=\"text-align: justify;\">En alianza con <a href=\"https:\/\/www.facebook.com\/unops.org?__cft__%5b0%5d=AZWNT5Lkqt3uiq_DON4hhmvdzAR-qusMduAZQWaFJa4WTfCDyyL_OVeNSQWW7ddKQlJyVzwzBlk3M1jsBiVEBaEj5krB8lYCUf-m41e56a--C65f-blaz4WSSRsiaXD0xtalQuKvspawtgg3EPju7Uuk&amp;__tn__=-%5dK-R\" target=\"_blank\" rel=\"noopener\">UNOPS<\/a>, el Seguro Social trabaja para brindar un mejor servicio a los enfermos renales de la cabecera de Alta Verapaz.<\/p>\n<p style=\"text-align: justify;\">El <a href=\"https:\/\/www.facebook.com\/IGSS-Instituto-Guatemalteco-de-Seguridad-Social-126741534020891\/?__cft__%5b0%5d=AZWNT5Lkqt3uiq_DON4hhmvdzAR-qusMduAZQWaFJa4WTfCDyyL_OVeNSQWW7ddKQlJyVzwzBlk3M1jsBiVEBaEj5krB8lYCUf-m41e56a--C65f-blaz4WSSRsiaXD0xtalQuKvspawtgg3EPju7Uuk&amp;__tn__=kK-R\" target=\"_blank\" rel=\"noopener\">IGSS &#8211; Instituto Guatemalteco de Seguridad Social<\/a> sigue desconcentrando sus servicios, con el fin de favorecer a sus afiliados. En ese marco, este mi\u00e9rcoles se lanz\u00f3 en Cob\u00e1n, Alta Verapaz, un centro de hemodi\u00e1lisis.<\/p>\n<p style=\"text-align: justify;\">El presidente de la Junta Directiva del IGSS, Jos\u00e9 Adolfo Flamenco, estuvo a cargo de la inauguraci\u00f3n del \u00e1rea, que permitir\u00e1 a los enfermos renales recibir tratamiento en el municipio, por lo que ya no tendr\u00e1n que viajar a la capital.<\/p>\n<p style=\"text-align: justify;\">Flamenco manifest\u00f3 que el beneficio es inicialmente para 31 pacientes, pero que se espera incrementar la cifra, ya que en el lugar se atender\u00eda tambi\u00e9n a vecinos de Baja Verapaz y Quich\u00e9. Asimismo, se prev\u00e9 prestar el servicio a personas residentes en Pet\u00e9n e Izabal.<\/p>\n<p style=\"text-align: justify;\">A pesar de que estamos en pandemia, se han puesto al servicio estos nuevos centros para la atenci\u00f3n digna a nuestros pacientes, indic\u00f3 el entrevistado.<\/p>\n<p style=\"text-align: justify;\">A\u00f1adi\u00f3 que el recinto cuenta con todo el equipo necesario para realizar hemodi\u00e1lisis y resalt\u00f3 que se utiliza tecnolog\u00eda de punta. Por su parte, los encargados del centro manifestaron que este empez\u00f3 a funcionar hace 4 meses, lapso en el cual se han brindado m\u00e1s de mil 500 terapias.<\/p>\n<p style=\"text-align: justify;\">Las instalaciones fueron habilitadas luego de la suscripci\u00f3n de un convenio con la Oficina de las Naciones Unidas de Servicios para Proyectos (<a href=\"https:\/\/www.facebook.com\/unops.org?__cft__%5b0%5d=AZWNT5Lkqt3uiq_DON4hhmvdzAR-qusMduAZQWaFJa4WTfCDyyL_OVeNSQWW7ddKQlJyVzwzBlk3M1jsBiVEBaEj5krB8lYCUf-m41e56a--C65f-blaz4WSSRsiaXD0xtalQuKvspawtgg3EPju7Uuk&amp;__tn__=-%5dK-R\" target=\"_blank\" rel=\"noopener\">UNOPS<\/a>, en ingl\u00e9s).<\/p>\n<p><a href=\"https:\/\/www.facebook.com\/hashtag\/accionesquetransforman?__eep__=6&amp;__cft__%5b0%5d=AZWNT5Lkqt3uiq_DON4hhmvdzAR-qusMduAZQWaFJa4WTfCDyyL_OVeNSQWW7ddKQlJyVzwzBlk3M1jsBiVEBaEj5krB8lYCUf-m41e56a--C65f-blaz4WSSRsiaXD0xtalQuKvspawtgg3EPju7Uuk&amp;__tn__=*NK-R\" target=\"_blank\" rel=\"noopener\">#AccionesQueTransforman<br \/>\n<\/a><a href=\"https:\/\/www.facebook.com\/hashtag\/igss?__eep__=6&amp;__cft__%5b0%5d=AZWNT5Lkqt3uiq_DON4hhmvdzAR-qusMduAZQWaFJa4WTfCDyyL_OVeNSQWW7ddKQlJyVzwzBlk3M1jsBiVEBaEj5krB8lYCUf-m41e56a--C65f-blaz4WSSRsiaXD0xtalQuKvspawtgg3EPju7Uuk&amp;__tn__=*NK-R\" target=\"_blank\" rel=\"noopener\">#IGSS<br \/>\n<\/a><a href=\"https:\/\/www.facebook.com\/hashtag\/altaverapazsigueavanzando?__eep__=6&amp;__cft__%5b0%5d=AZWNT5Lkqt3uiq_DON4hhmvdzAR-qusMduAZQWaFJa4WTfCDyyL_OVeNSQWW7ddKQlJyVzwzBlk3M1jsBiVEBaEj5krB8lYCUf-m41e56a--C65f-blaz4WSSRsiaXD0xtalQuKvspawtgg3EPju7Uuk&amp;__tn__=*NK-R\" target=\"_blank\" rel=\"noopener\">#altaverapazsigueavanzando<\/a><\/p>\n<div><\/div>\n","protected":false},"excerpt":{"rendered":"<p>En alianza con UNOPS, el Seguro Social trabaja para brindar un mejor servicio a los enfermos renales de la cabecera de Alta Verapaz. El IGSS &#8211; Instituto Guatemalteco de Seguridad Social sigue desconcentrando sus servicios, con el fin de favorecer a sus afiliados. En ese marco, este mi\u00e9rcoles se lanz\u00f3 en Cob\u00e1n, Alta Verapaz, un [&hellip;]<\/p>\n","protected":false},"author":1,"featured_media":11938,"comment_status":"closed","ping_status":"open","sticky":false,"template":"","format":"gallery","meta":[],"categories":[5],"tags":[178],"_links":{"self":[{"href":"https:\/\/gobernacionaltaverapaz.gob.gt\/index.php?rest_route=\/wp\/v2\/posts\/11937"}],"collection":[{"href":"https:\/\/gobernacionaltaverapaz.gob.gt\/index.php?rest_route=\/wp\/v2\/posts"}],"about":[{"href":"https:\/\/gobernacionaltaverapaz.gob.gt\/index.php?rest_route=\/wp\/v2\/types\/post"}],"author":[{"embeddable":true,"href":"https:\/\/gobernacionaltaverapaz.gob.gt\/index.php?rest_route=\/wp\/v2\/users\/1"}],"replies":[{"embeddable":true,"href":"https:\/\/gobernacionaltaverapaz.gob.gt\/index.php?rest_route=%2Fwp%2Fv2%2Fcomments&post=11937"}],"version-history":[{"count":2,"href":"https:\/\/gobernacionaltaverapaz.gob.gt\/index.php?rest_route=\/wp\/v2\/posts\/11937\/revisions"}],"predecessor-version":[{"id":11946,"href":"https:\/\/gobernacionaltaverapaz.gob.gt\/index.php?rest_route=\/wp\/v2\/posts\/11937\/revisions\/11946"}],"wp:featuredmedia":[{"embeddable":true,"href":"https:\/\/gobernacionaltaverapaz.gob.gt\/index.php?rest_route=\/wp\/v2\/media\/11938"}],"wp:attachment":[{"href":"https:\/\/gobernacionaltaverapaz.gob.gt\/index.php?rest_route=%2Fwp%2Fv2%2Fmedia&parent=11937"}],"wp:term":[{"taxonomy":"category","embeddable":true,"href":"https:\/\/gobernacionaltaverapaz.gob.gt\/index.php?rest_route=%2Fwp%2Fv2%2Fcategories&post=11937"},{"taxonomy":"post_tag","embeddable":true,"href":"https:\/\/gobernacionaltaverapaz.gob.gt\/index.php?rest_route=%2Fwp%2Fv2%2Ftags&post=11937"}],"curies":[{"name":"wp","href":"https:\/\/api.w.org\/{rel}","templated":true}]}}