{"id":11947,"date":"2021-11-12T11:27:53","date_gmt":"2021-11-12T17:27:53","guid":{"rendered":"https:\/\/gobernacionaltaverapaz.gob.gt\/?p=11947"},"modified":"2021-11-25T10:31:53","modified_gmt":"2021-11-25T16:31:53","slug":"chahal-alta-verapaz-tarde-cultural-promoviendo-rescatando-la-cultura-viva-del-pueblo-maya-qeqchi","status":"publish","type":"post","link":"https:\/\/gobernacionaltaverapaz.gob.gt\/?p=11947","title":{"rendered":"Chahal, Alta Verapaz, tarde cultural promoviendo y rescatando la cultura viva del pueblo Maya Q&#8217;eqchi&#8217;"},"content":{"rendered":"<p style=\"text-align: justify;\">El d\u00eda de ayer 11 de noviembre en la Casa de Desarrollo Cultural a trav\u00e9s del <a href=\"https:\/\/www.facebook.com\/CulturayDeportesGT\/?__cft__%5b0%5d=AZUDYGmDvtL8ZPlP90AfDrxlWXqo_pLEgumoXJ6ZddgFLpCm5aeI-p9sDIDHhbfl9K-SVn5EXLgHuBlf5PHjYhdwELIaqNbVE9vwS5B5zvK2sQ6-AQfGG_anE9OL5Z0HQJV8ieDkkkPojk4eI_Jcz4wQ&amp;__tn__=kK-R\" target=\"_blank\" rel=\"noopener\">Ministerio de Cultura y Deportes Guatemala<\/a>, Direcci\u00f3n de Turismo Municipal, Casa de Desarrollo Cultural y la Municipalidad de Chahal se realiz\u00f3 la tarde cultural, promoviendo y rescatando la cultura viva del pueblo Maya Q&#8217;eqchi&#8217; acompa\u00f1ado del Viceministro de Patrimonio Cultural y Natural Mario Maldonado, el se\u00f1or Gobernador Departamental, Romel V\u00e9liz y una Comitiva de Arque\u00f3logos.<\/p>\n<p style=\"text-align: justify;\">El objetivo principal de la actividad es el rescate de la m\u00fasica ancestral, artesan\u00eda local y los lugares sagrados del Municipio de Chahal, Alta Verapaz, divulgando los valores y las manifestaciones culturales del pueblo Maya Q&#8217;eqchi&#8217;.<\/p>\n<p><a href=\"https:\/\/www.facebook.com\/hashtag\/accionesquetransforman?__eep__=6&amp;__cft__%5b0%5d=AZUDYGmDvtL8ZPlP90AfDrxlWXqo_pLEgumoXJ6ZddgFLpCm5aeI-p9sDIDHhbfl9K-SVn5EXLgHuBlf5PHjYhdwELIaqNbVE9vwS5B5zvK2sQ6-AQfGG_anE9OL5Z0HQJV8ieDkkkPojk4eI_Jcz4wQ&amp;__tn__=*NK-R\" target=\"_blank\" rel=\"noopener\">#AccionesQueTransforman<br \/>\n<\/a><a href=\"https:\/\/www.facebook.com\/hashtag\/altaverapazsigueavanzando?__eep__=6&amp;__cft__%5b0%5d=AZUDYGmDvtL8ZPlP90AfDrxlWXqo_pLEgumoXJ6ZddgFLpCm5aeI-p9sDIDHhbfl9K-SVn5EXLgHuBlf5PHjYhdwELIaqNbVE9vwS5B5zvK2sQ6-AQfGG_anE9OL5Z0HQJV8ieDkkkPojk4eI_Jcz4wQ&amp;__tn__=*NK-R\" target=\"_blank\" rel=\"noopener\">#altaverapazsigueavanzando<br \/>\n<\/a><a href=\"https:\/\/www.facebook.com\/hashtag\/culturamotordesarrollogt?__eep__=6&amp;__cft__%5b0%5d=AZUDYGmDvtL8ZPlP90AfDrxlWXqo_pLEgumoXJ6ZddgFLpCm5aeI-p9sDIDHhbfl9K-SVn5EXLgHuBlf5PHjYhdwELIaqNbVE9vwS5B5zvK2sQ6-AQfGG_anE9OL5Z0HQJV8ieDkkkPojk4eI_Jcz4wQ&amp;__tn__=*NK-R\" target=\"_blank\" rel=\"noopener\">#CulturaMotorDesarrolloGT<\/a> <a href=\"https:\/\/www.facebook.com\/hashtag\/3mila%C3%B1osriquez?__eep__=6&amp;__cft__%5b0%5d=AZUDYGmDvtL8ZPlP90AfDrxlWXqo_pLEgumoXJ6ZddgFLpCm5aeI-p9sDIDHhbfl9K-SVn5EXLgHuBlf5PHjYhdwELIaqNbVE9vwS5B5zvK2sQ6-AQfGG_anE9OL5Z0HQJV8ieDkkkPojk4eI_Jcz4wQ&amp;__tn__=*NK-R\" target=\"_blank\" rel=\"noopener\"><br \/>\n#3milA\u00f1osRiquez<br \/>\n<\/a><a href=\"https:\/\/www.facebook.com\/hashtag\/culturaguate?__eep__=6&amp;__cft__%5b0%5d=AZUDYGmDvtL8ZPlP90AfDrxlWXqo_pLEgumoXJ6ZddgFLpCm5aeI-p9sDIDHhbfl9K-SVn5EXLgHuBlf5PHjYhdwELIaqNbVE9vwS5B5zvK2sQ6-AQfGG_anE9OL5Z0HQJV8ieDkkkPojk4eI_Jcz4wQ&amp;__tn__=*NK-R\" target=\"_blank\" rel=\"noopener\">#CulturaGuate<\/a><\/p>\n<div><\/div>\n","protected":false},"excerpt":{"rendered":"<p>El d\u00eda de ayer 11 de noviembre en la Casa de Desarrollo Cultural a trav\u00e9s del Ministerio de Cultura y Deportes Guatemala, Direcci\u00f3n de Turismo Municipal, Casa de Desarrollo Cultural y la Municipalidad de Chahal se realiz\u00f3 la tarde cultural, promoviendo y rescatando la cultura viva del pueblo Maya Q&#8217;eqchi&#8217; acompa\u00f1ado del Viceministro de Patrimonio [&hellip;]<\/p>\n","protected":false},"author":1,"featured_media":11948,"comment_status":"closed","ping_status":"open","sticky":false,"template":"","format":"gallery","meta":[],"categories":[2],"tags":[178],"_links":{"self":[{"href":"https:\/\/gobernacionaltaverapaz.gob.gt\/index.php?rest_route=\/wp\/v2\/posts\/11947"}],"collection":[{"href":"https:\/\/gobernacionaltaverapaz.gob.gt\/index.php?rest_route=\/wp\/v2\/posts"}],"about":[{"href":"https:\/\/gobernacionaltaverapaz.gob.gt\/index.php?rest_route=\/wp\/v2\/types\/post"}],"author":[{"embeddable":true,"href":"https:\/\/gobernacionaltaverapaz.gob.gt\/index.php?rest_route=\/wp\/v2\/users\/1"}],"replies":[{"embeddable":true,"href":"https:\/\/gobernacionaltaverapaz.gob.gt\/index.php?rest_route=%2Fwp%2Fv2%2Fcomments&post=11947"}],"version-history":[{"count":2,"href":"https:\/\/gobernacionaltaverapaz.gob.gt\/index.php?rest_route=\/wp\/v2\/posts\/11947\/revisions"}],"predecessor-version":[{"id":11957,"href":"https:\/\/gobernacionaltaverapaz.gob.gt\/index.php?rest_route=\/wp\/v2\/posts\/11947\/revisions\/11957"}],"wp:featuredmedia":[{"embeddable":true,"href":"https:\/\/gobernacionaltaverapaz.gob.gt\/index.php?rest_route=\/wp\/v2\/media\/11948"}],"wp:attachment":[{"href":"https:\/\/gobernacionaltaverapaz.gob.gt\/index.php?rest_route=%2Fwp%2Fv2%2Fmedia&parent=11947"}],"wp:term":[{"taxonomy":"category","embeddable":true,"href":"https:\/\/gobernacionaltaverapaz.gob.gt\/index.php?rest_route=%2Fwp%2Fv2%2Fcategories&post=11947"},{"taxonomy":"post_tag","embeddable":true,"href":"https:\/\/gobernacionaltaverapaz.gob.gt\/index.php?rest_route=%2Fwp%2Fv2%2Ftags&post=11947"}],"curies":[{"name":"wp","href":"https:\/\/api.w.org\/{rel}","templated":true}]}}