{"id":11985,"date":"2021-11-23T18:51:14","date_gmt":"2021-11-24T00:51:14","guid":{"rendered":"https:\/\/gobernacionaltaverapaz.gob.gt\/?p=11985"},"modified":"2021-11-25T12:50:04","modified_gmt":"2021-11-25T18:50:04","slug":"inauguracin-entrega-oficial-de-la-ampliacin-escuela-primaria-san-fernando-rea-urbana-chahal-alta-verapaz","status":"publish","type":"post","link":"https:\/\/gobernacionaltaverapaz.gob.gt\/?p=11985","title":{"rendered":"Inauguraci\u00f3n y entrega oficial de la Ampliaci\u00f3n Escuela Primaria San Fernando \u00c1rea Urbana, Chahal, Alta Verapaz"},"content":{"rendered":"<p style=\"text-align: justify;\">El <a href=\"https:\/\/www.facebook.com\/guatemalagob\/?__cft__%5b0%5d=AZUh7z2koxzToGX3fMA8QmPtotGLRS6Lf15F6SKif6qPmPfqOuEDMFBOruSX4HgzXFuPp68VTbvRygjBpXdu4nlPZi6meil9CtiXj-1BKKeUAyDFhcqA6LjkzyKndi1q4HaAQnSwJ44Flr9oJ1fgkzDl&amp;__tn__=kK-R\" target=\"_blank\" rel=\"noopener\">Gobierno de Guatemala<\/a> a trav\u00e9s de los ejes de trabajo del se\u00f1or presidente <a href=\"https:\/\/www.facebook.com\/AlejandroGiammattei\/?__cft__%5b0%5d=AZUh7z2koxzToGX3fMA8QmPtotGLRS6Lf15F6SKif6qPmPfqOuEDMFBOruSX4HgzXFuPp68VTbvRygjBpXdu4nlPZi6meil9CtiXj-1BKKeUAyDFhcqA6LjkzyKndi1q4HaAQnSwJ44Flr9oJ1fgkzDl&amp;__tn__=kK-R\" target=\"_blank\" rel=\"noopener\">Alejandro Giammattei<\/a>, ha priorizado la construcci\u00f3n de escuelas dignas para las ni\u00f1as y ni\u00f1os en su pr\u00f3ximo regreso a clases.<\/p>\n<p style=\"text-align: justify;\">El d\u00eda de hoy 23 de noviembre se dio por inaugurado y se realiz\u00f3 la entrega oficial de la Ampliaci\u00f3n Escuela Primaria San Fernando, \u00c1rea Urbana, Chahal, que consiste en la construcci\u00f3n de siete aulas en dos niveles, con direcci\u00f3n, bodega, sal\u00f3n de profesores, laboratorio de computaci\u00f3n, servicios sanitarios, mobiliario, equipo y juegos infantiles.<\/p>\n<p style=\"text-align: justify;\">Con la Ampliaci\u00f3n Escuela Primaria San Fernando, \u00c1rea Urbana, Chahal, Alta Verapaz, aportar\u00e1 tanto docentes y alumnos un ambiente sano para la ense\u00f1anza aprendizaje; se estar\u00e1 aportando la infraestructura necesaria para que los estudiantes de dicha poblaci\u00f3n den un paso hacia el desarrollo que todos esperan con la infraestructura, la poblaci\u00f3n tendr\u00e1 la certeza que la educaci\u00f3n del \u00c1rea Urbana, es de alta calidad, gozaran del servicio de una escuela con condiciones de dise\u00f1o y calidad de materiales que brinde las mejores condiciones pedag\u00f3gicas para el desarrollo del proceso ense\u00f1anza aprendizaje.<\/p>\n<p style=\"text-align: justify;\">El se\u00f1or gobernador departamental, Romel V\u00e9liz, resalto que mejorar las condiciones del establecimiento educativo ayudara a darle un ambiente agradable y digno para el proceso de ense\u00f1anza aprendizaje en beneficio de la ni\u00f1ez del \u00c1rea Urbana, de la misma manera menciono que el se\u00f1or presidente <a href=\"https:\/\/www.facebook.com\/AlejandroGiammattei\/?__cft__%5b0%5d=AZUh7z2koxzToGX3fMA8QmPtotGLRS6Lf15F6SKif6qPmPfqOuEDMFBOruSX4HgzXFuPp68VTbvRygjBpXdu4nlPZi6meil9CtiXj-1BKKeUAyDFhcqA6LjkzyKndi1q4HaAQnSwJ44Flr9oJ1fgkzDl&amp;__tn__=kK-R\" target=\"_blank\" rel=\"noopener\">Alejandro Giammattei<\/a> est\u00e1 invirtiendo fuertemente en Salud, Agua y Saneamiento en el Departamento de Alta Verapaz.<\/p>\n<p style=\"text-align: justify;\">El se\u00f1or Alcalde, Alumnos y vecinos agradecieron al <a href=\"https:\/\/www.facebook.com\/guatemalagob\/?__cft__%5b0%5d=AZUh7z2koxzToGX3fMA8QmPtotGLRS6Lf15F6SKif6qPmPfqOuEDMFBOruSX4HgzXFuPp68VTbvRygjBpXdu4nlPZi6meil9CtiXj-1BKKeUAyDFhcqA6LjkzyKndi1q4HaAQnSwJ44Flr9oJ1fgkzDl&amp;__tn__=kK-R\" target=\"_blank\" rel=\"noopener\">Gobierno de Guatemala<\/a> por la intervenci\u00f3n en el municipio con obras que generan desarrollo.<\/p>\n<p><a href=\"https:\/\/www.facebook.com\/hashtag\/altaverapazsigueavanzando?__eep__=6&amp;__cft__%5b0%5d=AZUh7z2koxzToGX3fMA8QmPtotGLRS6Lf15F6SKif6qPmPfqOuEDMFBOruSX4HgzXFuPp68VTbvRygjBpXdu4nlPZi6meil9CtiXj-1BKKeUAyDFhcqA6LjkzyKndi1q4HaAQnSwJ44Flr9oJ1fgkzDl&amp;__tn__=*NK-R\" target=\"_blank\" rel=\"noopener\">#altaverapazsigueavanzando<br \/>\n<\/a><a href=\"https:\/\/www.facebook.com\/hashtag\/accionesquetransforman?__eep__=6&amp;__cft__%5b0%5d=AZUh7z2koxzToGX3fMA8QmPtotGLRS6Lf15F6SKif6qPmPfqOuEDMFBOruSX4HgzXFuPp68VTbvRygjBpXdu4nlPZi6meil9CtiXj-1BKKeUAyDFhcqA6LjkzyKndi1q4HaAQnSwJ44Flr9oJ1fgkzDl&amp;__tn__=*NK-R\" target=\"_blank\" rel=\"noopener\">#AccionesQueTransforman<\/a><\/p>\n<div><\/div>\n","protected":false},"excerpt":{"rendered":"<p>El Gobierno de Guatemala a trav\u00e9s de los ejes de trabajo del se\u00f1or presidente Alejandro Giammattei, ha priorizado la construcci\u00f3n de escuelas dignas para las ni\u00f1as y ni\u00f1os en su pr\u00f3ximo regreso a clases. El d\u00eda de hoy 23 de noviembre se dio por inaugurado y se realiz\u00f3 la entrega oficial de la Ampliaci\u00f3n Escuela [&hellip;]<\/p>\n","protected":false},"author":1,"featured_media":11993,"comment_status":"closed","ping_status":"open","sticky":false,"template":"","format":"gallery","meta":[],"categories":[2],"tags":[178],"_links":{"self":[{"href":"https:\/\/gobernacionaltaverapaz.gob.gt\/index.php?rest_route=\/wp\/v2\/posts\/11985"}],"collection":[{"href":"https:\/\/gobernacionaltaverapaz.gob.gt\/index.php?rest_route=\/wp\/v2\/posts"}],"about":[{"href":"https:\/\/gobernacionaltaverapaz.gob.gt\/index.php?rest_route=\/wp\/v2\/types\/post"}],"author":[{"embeddable":true,"href":"https:\/\/gobernacionaltaverapaz.gob.gt\/index.php?rest_route=\/wp\/v2\/users\/1"}],"replies":[{"embeddable":true,"href":"https:\/\/gobernacionaltaverapaz.gob.gt\/index.php?rest_route=%2Fwp%2Fv2%2Fcomments&post=11985"}],"version-history":[{"count":9,"href":"https:\/\/gobernacionaltaverapaz.gob.gt\/index.php?rest_route=\/wp\/v2\/posts\/11985\/revisions"}],"predecessor-version":[{"id":12010,"href":"https:\/\/gobernacionaltaverapaz.gob.gt\/index.php?rest_route=\/wp\/v2\/posts\/11985\/revisions\/12010"}],"wp:featuredmedia":[{"embeddable":true,"href":"https:\/\/gobernacionaltaverapaz.gob.gt\/index.php?rest_route=\/wp\/v2\/media\/11993"}],"wp:attachment":[{"href":"https:\/\/gobernacionaltaverapaz.gob.gt\/index.php?rest_route=%2Fwp%2Fv2%2Fmedia&parent=11985"}],"wp:term":[{"taxonomy":"category","embeddable":true,"href":"https:\/\/gobernacionaltaverapaz.gob.gt\/index.php?rest_route=%2Fwp%2Fv2%2Fcategories&post=11985"},{"taxonomy":"post_tag","embeddable":true,"href":"https:\/\/gobernacionaltaverapaz.gob.gt\/index.php?rest_route=%2Fwp%2Fv2%2Ftags&post=11985"}],"curies":[{"name":"wp","href":"https:\/\/api.w.org\/{rel}","templated":true}]}}