{"id":12018,"date":"2021-12-01T20:42:15","date_gmt":"2021-12-02T02:42:15","guid":{"rendered":"https:\/\/gobernacionaltaverapaz.gob.gt\/?p=12018"},"modified":"2021-12-09T15:42:38","modified_gmt":"2021-12-09T21:42:38","slug":"entrega-recepcin-de-construccin-de-puente-en-la-aldea-cahaboncito-del-municipio-de-panzs-av","status":"publish","type":"post","link":"https:\/\/gobernacionaltaverapaz.gob.gt\/?p=12018","title":{"rendered":"Entrega y recepci\u00f3n de construcci\u00f3n de puente en la Aldea Cahaboncito del municipio de Panz\u00f3s A.V."},"content":{"rendered":"<p style=\"text-align: justify;\">Se realiz\u00f3 recepci\u00f3n de la construcci\u00f3n del puente en la aldea cahaboncito de panz\u00f3s, Alta Verapaz al <a href=\"https:\/\/www.facebook.com\/civguate\/?__cft__%5b0%5d=AZU0nRAEmtyqKNMopXIGVXuW2QMRnYbGzGiNnqP-_wLvYfzi7TA66Sz4lZjn5ebMdhO8A7yIkPm1Pu2OEQLhtU0XozpxXxOaX4dgVBET09l-Sh1iSEfaiKkNjJsCbfmi9N6BYd6s75Pn-_WGryJm3nJT&amp;__tn__=kK-R\" target=\"_blank\" rel=\"noopener\">CIV- Ministerio de Comunicaciones<\/a>.<\/p>\n<p style=\"text-align: justify;\">En la actividad participo el se\u00f1or gobernador, Romel Manuel Veliz Castro y el se\u00f1or Alcalde Municipal de Panz\u00f3s, Ernesto Ram\u00edrez Caal.<\/p>\n<p><a href=\"https:\/\/www.facebook.com\/hashtag\/accionesquetransforman?__eep__=6&amp;__cft__%5b0%5d=AZU0nRAEmtyqKNMopXIGVXuW2QMRnYbGzGiNnqP-_wLvYfzi7TA66Sz4lZjn5ebMdhO8A7yIkPm1Pu2OEQLhtU0XozpxXxOaX4dgVBET09l-Sh1iSEfaiKkNjJsCbfmi9N6BYd6s75Pn-_WGryJm3nJT&amp;__tn__=*NK-R\" target=\"_blank\" rel=\"noopener\">#AccionesQueTransforman<br \/>\n<\/a><a href=\"https:\/\/www.facebook.com\/hashtag\/altaverapazsigueavanzando?__eep__=6&amp;__cft__%5b0%5d=AZU0nRAEmtyqKNMopXIGVXuW2QMRnYbGzGiNnqP-_wLvYfzi7TA66Sz4lZjn5ebMdhO8A7yIkPm1Pu2OEQLhtU0XozpxXxOaX4dgVBET09l-Sh1iSEfaiKkNjJsCbfmi9N6BYd6s75Pn-_WGryJm3nJT&amp;__tn__=*NK-R\" target=\"_blank\" rel=\"noopener\">#altaverapazsigueavanzando<\/a><\/p>\n<div><\/div>\n<p>&nbsp;<\/p>\n","protected":false},"excerpt":{"rendered":"<p>Se realiz\u00f3 recepci\u00f3n de la construcci\u00f3n del puente en la aldea cahaboncito de panz\u00f3s, Alta Verapaz al CIV- Ministerio de Comunicaciones. En la actividad participo el se\u00f1or gobernador, Romel Manuel Veliz Castro y el se\u00f1or Alcalde Municipal de Panz\u00f3s, Ernesto Ram\u00edrez Caal. #AccionesQueTransforman #altaverapazsigueavanzando &nbsp;<\/p>\n","protected":false},"author":1,"featured_media":12024,"comment_status":"closed","ping_status":"open","sticky":false,"template":"","format":"gallery","meta":[],"categories":[4],"tags":[178],"_links":{"self":[{"href":"https:\/\/gobernacionaltaverapaz.gob.gt\/index.php?rest_route=\/wp\/v2\/posts\/12018"}],"collection":[{"href":"https:\/\/gobernacionaltaverapaz.gob.gt\/index.php?rest_route=\/wp\/v2\/posts"}],"about":[{"href":"https:\/\/gobernacionaltaverapaz.gob.gt\/index.php?rest_route=\/wp\/v2\/types\/post"}],"author":[{"embeddable":true,"href":"https:\/\/gobernacionaltaverapaz.gob.gt\/index.php?rest_route=\/wp\/v2\/users\/1"}],"replies":[{"embeddable":true,"href":"https:\/\/gobernacionaltaverapaz.gob.gt\/index.php?rest_route=%2Fwp%2Fv2%2Fcomments&post=12018"}],"version-history":[{"count":2,"href":"https:\/\/gobernacionaltaverapaz.gob.gt\/index.php?rest_route=\/wp\/v2\/posts\/12018\/revisions"}],"predecessor-version":[{"id":12029,"href":"https:\/\/gobernacionaltaverapaz.gob.gt\/index.php?rest_route=\/wp\/v2\/posts\/12018\/revisions\/12029"}],"wp:featuredmedia":[{"embeddable":true,"href":"https:\/\/gobernacionaltaverapaz.gob.gt\/index.php?rest_route=\/wp\/v2\/media\/12024"}],"wp:attachment":[{"href":"https:\/\/gobernacionaltaverapaz.gob.gt\/index.php?rest_route=%2Fwp%2Fv2%2Fmedia&parent=12018"}],"wp:term":[{"taxonomy":"category","embeddable":true,"href":"https:\/\/gobernacionaltaverapaz.gob.gt\/index.php?rest_route=%2Fwp%2Fv2%2Fcategories&post=12018"},{"taxonomy":"post_tag","embeddable":true,"href":"https:\/\/gobernacionaltaverapaz.gob.gt\/index.php?rest_route=%2Fwp%2Fv2%2Ftags&post=12018"}],"curies":[{"name":"wp","href":"https:\/\/api.w.org\/{rel}","templated":true}]}}