{"id":12030,"date":"2021-12-03T16:15:29","date_gmt":"2021-12-03T22:15:29","guid":{"rendered":"https:\/\/gobernacionaltaverapaz.gob.gt\/?p=12030"},"modified":"2021-12-09T16:06:27","modified_gmt":"2021-12-09T22:06:27","slug":"inauguracin-de-tres-nuevas-sedes-regionales-en-altaverapaz-huehuetenango-jutiapa","status":"publish","type":"post","link":"https:\/\/gobernacionaltaverapaz.gob.gt\/?p=12030","title":{"rendered":"Inauguraci\u00f3n de tres nuevas sedes regionales en AltaVerapaz, Huehuetenango y Jutiapa"},"content":{"rendered":"<p style=\"text-align: justify;\">Como parte del fortalecimiento de la Coordinaci\u00f3n Ejecutiva, y a su vez, al Sistema CONRED, este d\u00eda la instituci\u00f3n inaugur\u00f3 tres nuevas sedes regionales en <a href=\"https:\/\/www.facebook.com\/hashtag\/altaverapaz?__eep__=6&amp;__cft__%5b0%5d=AZWRkeCCEhjzpBepC_t3fSgfEKai0f7lPP7860MoU0xsVDQbXmMLIK5Z1M9UwPjJg1KZx-quAM6arbcynI-6IhQauKIBcvpkDHq0aR4ocueS96Oc5xEZoRMqobKf_MjYjRGz_YI7iAqtw7RqNsV1MAnNZRnI-4OWB2ysnezGleWVwQ&amp;__tn__=*NK-y-R\" target=\"_blank\" rel=\"noopener\">#AltaVerapaz<\/a>, <a href=\"https:\/\/www.facebook.com\/hashtag\/huehuetenango?__eep__=6&amp;__cft__%5b0%5d=AZWRkeCCEhjzpBepC_t3fSgfEKai0f7lPP7860MoU0xsVDQbXmMLIK5Z1M9UwPjJg1KZx-quAM6arbcynI-6IhQauKIBcvpkDHq0aR4ocueS96Oc5xEZoRMqobKf_MjYjRGz_YI7iAqtw7RqNsV1MAnNZRnI-4OWB2ysnezGleWVwQ&amp;__tn__=*NK-y-R\" target=\"_blank\" rel=\"noopener\">#Huehuetenango<\/a> y <a href=\"https:\/\/www.facebook.com\/hashtag\/jutiapa?__eep__=6&amp;__cft__%5b0%5d=AZWRkeCCEhjzpBepC_t3fSgfEKai0f7lPP7860MoU0xsVDQbXmMLIK5Z1M9UwPjJg1KZx-quAM6arbcynI-6IhQauKIBcvpkDHq0aR4ocueS96Oc5xEZoRMqobKf_MjYjRGz_YI7iAqtw7RqNsV1MAnNZRnI-4OWB2ysnezGleWVwQ&amp;__tn__=*NK-y-R\" target=\"_blank\" rel=\"noopener\">#Jutiapa<\/a> para la atenci\u00f3n de la poblaci\u00f3n de forma eficaz ante un evento adverso.<\/p>\n<p style=\"text-align: justify;\">En los actos de inauguraci\u00f3n participaron las autoridades de la Secretar\u00eda Ejecutiva de la CONRED en compa\u00f1\u00eda de autoridades territoriales.<\/p>\n<p><a href=\"https:\/\/www.facebook.com\/hashtag\/prevenirparavivir?__eep__=6&amp;__cft__%5b0%5d=AZWRkeCCEhjzpBepC_t3fSgfEKai0f7lPP7860MoU0xsVDQbXmMLIK5Z1M9UwPjJg1KZx-quAM6arbcynI-6IhQauKIBcvpkDHq0aR4ocueS96Oc5xEZoRMqobKf_MjYjRGz_YI7iAqtw7RqNsV1MAnNZRnI-4OWB2ysnezGleWVwQ&amp;__tn__=*NK-y-R\" target=\"_blank\" rel=\"noopener\">#PrevenirParaVivir<\/a> <a href=\"https:\/\/www.facebook.com\/hashtag\/25a%C3%B1osconred?__eep__=6&amp;__cft__%5b0%5d=AZWRkeCCEhjzpBepC_t3fSgfEKai0f7lPP7860MoU0xsVDQbXmMLIK5Z1M9UwPjJg1KZx-quAM6arbcynI-6IhQauKIBcvpkDHq0aR4ocueS96Oc5xEZoRMqobKf_MjYjRGz_YI7iAqtw7RqNsV1MAnNZRnI-4OWB2ysnezGleWVwQ&amp;__tn__=*NK-y-R\" target=\"_blank\" rel=\"noopener\"><br \/>\n#25A\u00f1osCONRED<br \/>\n<\/a><a href=\"https:\/\/www.facebook.com\/GobernacionAV\/?__cft__%5b0%5d=AZWRkeCCEhjzpBepC_t3fSgfEKai0f7lPP7860MoU0xsVDQbXmMLIK5Z1M9UwPjJg1KZx-quAM6arbcynI-6IhQauKIBcvpkDHq0aR4ocueS96Oc5xEZoRMqobKf_MjYjRGz_YI7iAqtw7RqNsV1MAnNZRnI-4OWB2ysnezGleWVwQ&amp;__tn__=kK-y-R\" target=\"_blank\" rel=\"noopener\">Gobernaci\u00f3n Departamental de Alta Verapaz<\/a> <a href=\"https:\/\/www.facebook.com\/hashtag\/gobernacionjutiapa?__eep__=6&amp;__cft__%5b0%5d=AZWRkeCCEhjzpBepC_t3fSgfEKai0f7lPP7860MoU0xsVDQbXmMLIK5Z1M9UwPjJg1KZx-quAM6arbcynI-6IhQauKIBcvpkDHq0aR4ocueS96Oc5xEZoRMqobKf_MjYjRGz_YI7iAqtw7RqNsV1MAnNZRnI-4OWB2ysnezGleWVwQ&amp;__tn__=*NK-y-R\" target=\"_blank\" rel=\"noopener\"><br \/>\n#GobernacionJutiapa<\/a> <a href=\"https:\/\/www.facebook.com\/GobernacionDeHuehuetenango\/?__cft__%5b0%5d=AZWRkeCCEhjzpBepC_t3fSgfEKai0f7lPP7860MoU0xsVDQbXmMLIK5Z1M9UwPjJg1KZx-quAM6arbcynI-6IhQauKIBcvpkDHq0aR4ocueS96Oc5xEZoRMqobKf_MjYjRGz_YI7iAqtw7RqNsV1MAnNZRnI-4OWB2ysnezGleWVwQ&amp;__tn__=kK-y-R\" target=\"_blank\" rel=\"noopener\"><br \/>\nGobernaci\u00f3n Departamental de Huehuetenango<\/a><\/p>\n<div><\/div>\n<p>&nbsp;<\/p>\n","protected":false},"excerpt":{"rendered":"<p>Como parte del fortalecimiento de la Coordinaci\u00f3n Ejecutiva, y a su vez, al Sistema CONRED, este d\u00eda la instituci\u00f3n inaugur\u00f3 tres nuevas sedes regionales en #AltaVerapaz, #Huehuetenango y #Jutiapa para la atenci\u00f3n de la poblaci\u00f3n de forma eficaz ante un evento adverso. En los actos de inauguraci\u00f3n participaron las autoridades de la Secretar\u00eda Ejecutiva de [&hellip;]<\/p>\n","protected":false},"author":1,"featured_media":12038,"comment_status":"closed","ping_status":"open","sticky":false,"template":"","format":"gallery","meta":[],"categories":[197],"tags":[178],"_links":{"self":[{"href":"https:\/\/gobernacionaltaverapaz.gob.gt\/index.php?rest_route=\/wp\/v2\/posts\/12030"}],"collection":[{"href":"https:\/\/gobernacionaltaverapaz.gob.gt\/index.php?rest_route=\/wp\/v2\/posts"}],"about":[{"href":"https:\/\/gobernacionaltaverapaz.gob.gt\/index.php?rest_route=\/wp\/v2\/types\/post"}],"author":[{"embeddable":true,"href":"https:\/\/gobernacionaltaverapaz.gob.gt\/index.php?rest_route=\/wp\/v2\/users\/1"}],"replies":[{"embeddable":true,"href":"https:\/\/gobernacionaltaverapaz.gob.gt\/index.php?rest_route=%2Fwp%2Fv2%2Fcomments&post=12030"}],"version-history":[{"count":2,"href":"https:\/\/gobernacionaltaverapaz.gob.gt\/index.php?rest_route=\/wp\/v2\/posts\/12030\/revisions"}],"predecessor-version":[{"id":12042,"href":"https:\/\/gobernacionaltaverapaz.gob.gt\/index.php?rest_route=\/wp\/v2\/posts\/12030\/revisions\/12042"}],"wp:featuredmedia":[{"embeddable":true,"href":"https:\/\/gobernacionaltaverapaz.gob.gt\/index.php?rest_route=\/wp\/v2\/media\/12038"}],"wp:attachment":[{"href":"https:\/\/gobernacionaltaverapaz.gob.gt\/index.php?rest_route=%2Fwp%2Fv2%2Fmedia&parent=12030"}],"wp:term":[{"taxonomy":"category","embeddable":true,"href":"https:\/\/gobernacionaltaverapaz.gob.gt\/index.php?rest_route=%2Fwp%2Fv2%2Fcategories&post=12030"},{"taxonomy":"post_tag","embeddable":true,"href":"https:\/\/gobernacionaltaverapaz.gob.gt\/index.php?rest_route=%2Fwp%2Fv2%2Ftags&post=12030"}],"curies":[{"name":"wp","href":"https:\/\/api.w.org\/{rel}","templated":true}]}}