{"id":12043,"date":"2021-12-03T22:33:38","date_gmt":"2021-12-04T04:33:38","guid":{"rendered":"https:\/\/gobernacionaltaverapaz.gob.gt\/?p=12043"},"modified":"2021-12-09T17:04:37","modified_gmt":"2021-12-09T23:04:37","slug":"conred-fortalece-prevencin-de-desastres-nivel-departamental","status":"publish","type":"post","link":"https:\/\/gobernacionaltaverapaz.gob.gt\/?p=12043","title":{"rendered":"CONRED fortalece prevenci\u00f3n de desastres a nivel departamental"},"content":{"rendered":"<p style=\"text-align: justify;\">La Coordinadora Nacional para la Reducci\u00f3n de Desastres (Conred) inaugur\u00f3 este viernes nuevas sedes regionales para mantener el apoyo a la poblaci\u00f3n guatemalteca en temas de prevenci\u00f3n de riesgo a desastres.<\/p>\n<p style=\"text-align: justify;\">Como parte del fortalecimiento de la Coordinaci\u00f3n Ejecutiva, y a su vez, al Sistema CONRED, este d\u00eda la instituci\u00f3n inaugur\u00f3 tres nuevas sedes regionales en <a href=\"https:\/\/www.facebook.com\/hashtag\/altaverapaz?__eep__=6&amp;__cft__%5b0%5d=AZXiaq_0kyMFnQCHIt7g_Jn3FdbmfYvjDpb1xokGfTyJCQgm-SpP_tyA6B_l1NDWpOQeSYYPOVzAGw2K1dA-MBPCRqbB4Y7qxGCLXR4h2uEBfaq4kr4XDoZI07ijkmbyRxKXJ305_SHeiZ8X19QFpElc&amp;__tn__=*NK-R\" target=\"_blank\" rel=\"noopener\">#AltaVerapaz<\/a>, <a href=\"https:\/\/www.facebook.com\/hashtag\/huehuetenango?__eep__=6&amp;__cft__%5b0%5d=AZXiaq_0kyMFnQCHIt7g_Jn3FdbmfYvjDpb1xokGfTyJCQgm-SpP_tyA6B_l1NDWpOQeSYYPOVzAGw2K1dA-MBPCRqbB4Y7qxGCLXR4h2uEBfaq4kr4XDoZI07ijkmbyRxKXJ305_SHeiZ8X19QFpElc&amp;__tn__=*NK-R\" target=\"_blank\" rel=\"noopener\">#Huehuetenango<\/a> y <a href=\"https:\/\/www.facebook.com\/hashtag\/jutiapa?__eep__=6&amp;__cft__%5b0%5d=AZXiaq_0kyMFnQCHIt7g_Jn3FdbmfYvjDpb1xokGfTyJCQgm-SpP_tyA6B_l1NDWpOQeSYYPOVzAGw2K1dA-MBPCRqbB4Y7qxGCLXR4h2uEBfaq4kr4XDoZI07ijkmbyRxKXJ305_SHeiZ8X19QFpElc&amp;__tn__=*NK-R\" target=\"_blank\" rel=\"noopener\">#Jutiapa<\/a> para la atenci\u00f3n de la poblaci\u00f3n de forma eficaz ante un evento adverso.<\/p>\n<p style=\"text-align: justify;\">En la actividad participaron los Gobernadores de Baja y Alta Verapaz, quienes agradecieron este apoyo brindado por el <a href=\"https:\/\/www.facebook.com\/guatemalagob\/?__cft__%5b0%5d=AZXiaq_0kyMFnQCHIt7g_Jn3FdbmfYvjDpb1xokGfTyJCQgm-SpP_tyA6B_l1NDWpOQeSYYPOVzAGw2K1dA-MBPCRqbB4Y7qxGCLXR4h2uEBfaq4kr4XDoZI07ijkmbyRxKXJ305_SHeiZ8X19QFpElc&amp;__tn__=kK-R\" target=\"_blank\" rel=\"noopener\">Gobierno de Guatemala<\/a> especialmente al presidente <a href=\"https:\/\/www.facebook.com\/AlejandroGiammattei\/?__cft__%5b0%5d=AZXiaq_0kyMFnQCHIt7g_Jn3FdbmfYvjDpb1xokGfTyJCQgm-SpP_tyA6B_l1NDWpOQeSYYPOVzAGw2K1dA-MBPCRqbB4Y7qxGCLXR4h2uEBfaq4kr4XDoZI07ijkmbyRxKXJ305_SHeiZ8X19QFpElc&amp;__tn__=kK-R\" target=\"_blank\" rel=\"noopener\">Alejandro Giammattei<\/a><\/p>\n<p><a href=\"https:\/\/www.facebook.com\/hashtag\/accionesquetransforman?__eep__=6&amp;__cft__%5b0%5d=AZXiaq_0kyMFnQCHIt7g_Jn3FdbmfYvjDpb1xokGfTyJCQgm-SpP_tyA6B_l1NDWpOQeSYYPOVzAGw2K1dA-MBPCRqbB4Y7qxGCLXR4h2uEBfaq4kr4XDoZI07ijkmbyRxKXJ305_SHeiZ8X19QFpElc&amp;__tn__=*NK-R\" target=\"_blank\" rel=\"noopener\">#AccionesQueTransforman<br \/>\n<\/a><a href=\"https:\/\/www.facebook.com\/hashtag\/altaverapazsigueavanzando?__eep__=6&amp;__cft__%5b0%5d=AZXiaq_0kyMFnQCHIt7g_Jn3FdbmfYvjDpb1xokGfTyJCQgm-SpP_tyA6B_l1NDWpOQeSYYPOVzAGw2K1dA-MBPCRqbB4Y7qxGCLXR4h2uEBfaq4kr4XDoZI07ijkmbyRxKXJ305_SHeiZ8X19QFpElc&amp;__tn__=*NK-R\" target=\"_blank\" rel=\"noopener\">#altaverapazsigueavanzando<\/a><\/p>\n<div><\/div>\n","protected":false},"excerpt":{"rendered":"<p>La Coordinadora Nacional para la Reducci\u00f3n de Desastres (Conred) inaugur\u00f3 este viernes nuevas sedes regionales para mantener el apoyo a la poblaci\u00f3n guatemalteca en temas de prevenci\u00f3n de riesgo a desastres. Como parte del fortalecimiento de la Coordinaci\u00f3n Ejecutiva, y a su vez, al Sistema CONRED, este d\u00eda la instituci\u00f3n inaugur\u00f3 tres nuevas sedes regionales [&hellip;]<\/p>\n","protected":false},"author":1,"featured_media":12044,"comment_status":"closed","ping_status":"open","sticky":false,"template":"","format":"gallery","meta":[],"categories":[197],"tags":[178],"_links":{"self":[{"href":"https:\/\/gobernacionaltaverapaz.gob.gt\/index.php?rest_route=\/wp\/v2\/posts\/12043"}],"collection":[{"href":"https:\/\/gobernacionaltaverapaz.gob.gt\/index.php?rest_route=\/wp\/v2\/posts"}],"about":[{"href":"https:\/\/gobernacionaltaverapaz.gob.gt\/index.php?rest_route=\/wp\/v2\/types\/post"}],"author":[{"embeddable":true,"href":"https:\/\/gobernacionaltaverapaz.gob.gt\/index.php?rest_route=\/wp\/v2\/users\/1"}],"replies":[{"embeddable":true,"href":"https:\/\/gobernacionaltaverapaz.gob.gt\/index.php?rest_route=%2Fwp%2Fv2%2Fcomments&post=12043"}],"version-history":[{"count":3,"href":"https:\/\/gobernacionaltaverapaz.gob.gt\/index.php?rest_route=\/wp\/v2\/posts\/12043\/revisions"}],"predecessor-version":[{"id":12053,"href":"https:\/\/gobernacionaltaverapaz.gob.gt\/index.php?rest_route=\/wp\/v2\/posts\/12043\/revisions\/12053"}],"wp:featuredmedia":[{"embeddable":true,"href":"https:\/\/gobernacionaltaverapaz.gob.gt\/index.php?rest_route=\/wp\/v2\/media\/12044"}],"wp:attachment":[{"href":"https:\/\/gobernacionaltaverapaz.gob.gt\/index.php?rest_route=%2Fwp%2Fv2%2Fmedia&parent=12043"}],"wp:term":[{"taxonomy":"category","embeddable":true,"href":"https:\/\/gobernacionaltaverapaz.gob.gt\/index.php?rest_route=%2Fwp%2Fv2%2Fcategories&post=12043"},{"taxonomy":"post_tag","embeddable":true,"href":"https:\/\/gobernacionaltaverapaz.gob.gt\/index.php?rest_route=%2Fwp%2Fv2%2Ftags&post=12043"}],"curies":[{"name":"wp","href":"https:\/\/api.w.org\/{rel}","templated":true}]}}