{"id":12054,"date":"2021-12-06T14:05:48","date_gmt":"2021-12-06T20:05:48","guid":{"rendered":"https:\/\/gobernacionaltaverapaz.gob.gt\/?p=12054"},"modified":"2021-12-09T17:13:44","modified_gmt":"2021-12-09T23:13:44","slug":"decreto-172021-reformas-la-ley-de-proteccin-los-jubilados-pensionados-beneficiarios","status":"publish","type":"post","link":"https:\/\/gobernacionaltaverapaz.gob.gt\/?p=12054","title":{"rendered":"DECRETO 17-2021 REFORMAS A LA LEY DE PROTECCI\u00d3N A LOS JUBILADOS, PENSIONADOS O BENEFICIARIOS"},"content":{"rendered":"<p style=\"text-align: justify;\">Derivado del Decreto 17-2021 que contiene las reformas a la Ley de Protecci\u00f3n a los Jubilados, Pensionados o Beneficiarios de los distintos Reg\u00edmenes de Clases Pasivas del Estado; Gobernaci\u00f3n Departamental en cumplimiento del referido Decreto informa que a partir del d\u00eda lunes 6 de diciembre los jubilados y pensi\u00f3nanos del Estado no se encuentran obligados a realizar el tr\u00e1mite de SUPERVIVENCIA, a trav\u00e9s de esta ley el <a href=\"https:\/\/www.facebook.com\/guatemalagob\/?__cft__%5b0%5d=AZVWTT4JlivqztzXHEsZCqM7qP0JFm0FRo-bOrq6C6oGmdUczbJXZdZf-bBrhsj5XqnxPmb3lrPNFkPcDzI4F893EAm3KQ94bB3qe-7eSJPXZb8K-aC5VgLZ_iqRhGTF3s5UvBDiczcI9e3LfKJNMolu&amp;__tn__=kK-R\" target=\"_blank\" rel=\"noopener\">Gobierno de Guatemala<\/a> brindar\u00e1 apoyo a los jubilados facilitando el tr\u00e1mite de supervivencia.<\/p>\n<p><a href=\"https:\/\/www.facebook.com\/hashtag\/accionesquetransforman?__eep__=6&amp;__cft__%5b0%5d=AZVWTT4JlivqztzXHEsZCqM7qP0JFm0FRo-bOrq6C6oGmdUczbJXZdZf-bBrhsj5XqnxPmb3lrPNFkPcDzI4F893EAm3KQ94bB3qe-7eSJPXZb8K-aC5VgLZ_iqRhGTF3s5UvBDiczcI9e3LfKJNMolu&amp;__tn__=*NK-R\" target=\"_blank\" rel=\"noopener\">#AccionesQueTransforman<br \/>\n<\/a><a href=\"https:\/\/www.facebook.com\/hashtag\/altaverapazsigueavanzando?__eep__=6&amp;__cft__%5b0%5d=AZVWTT4JlivqztzXHEsZCqM7qP0JFm0FRo-bOrq6C6oGmdUczbJXZdZf-bBrhsj5XqnxPmb3lrPNFkPcDzI4F893EAm3KQ94bB3qe-7eSJPXZb8K-aC5VgLZ_iqRhGTF3s5UvBDiczcI9e3LfKJNMolu&amp;__tn__=*NK-R\" target=\"_blank\" rel=\"noopener\">#altaverapazsigueavanzando<\/a><\/p>\n<p><img decoding=\"async\" loading=\"lazy\" class=\"wp-image-12056 size-full aligncenter\" src=\"https:\/\/gobernacionaltaverapaz.gob.gt\/wp-content\/uploads\/2021\/12\/002-4.jpg\" alt=\"\" width=\"576\" height=\"900\" srcset=\"https:\/\/gobernacionaltaverapaz.gob.gt\/wp-content\/uploads\/2021\/12\/002-4.jpg 576w, https:\/\/gobernacionaltaverapaz.gob.gt\/wp-content\/uploads\/2021\/12\/002-4-192x300.jpg 192w\" sizes=\"(max-width: 576px) 100vw, 576px\" \/> <img decoding=\"async\" loading=\"lazy\" class=\"wp-image-12057 size-full aligncenter\" src=\"https:\/\/gobernacionaltaverapaz.gob.gt\/wp-content\/uploads\/2021\/12\/003-4.jpg\" alt=\"\" width=\"580\" height=\"900\" srcset=\"https:\/\/gobernacionaltaverapaz.gob.gt\/wp-content\/uploads\/2021\/12\/003-4.jpg 580w, https:\/\/gobernacionaltaverapaz.gob.gt\/wp-content\/uploads\/2021\/12\/003-4-193x300.jpg 193w\" sizes=\"(max-width: 580px) 100vw, 580px\" \/> <img decoding=\"async\" loading=\"lazy\" class=\"wp-image-12058 size-full aligncenter\" src=\"https:\/\/gobernacionaltaverapaz.gob.gt\/wp-content\/uploads\/2021\/12\/004-3.jpg\" alt=\"\" width=\"573\" height=\"900\" srcset=\"https:\/\/gobernacionaltaverapaz.gob.gt\/wp-content\/uploads\/2021\/12\/004-3.jpg 573w, https:\/\/gobernacionaltaverapaz.gob.gt\/wp-content\/uploads\/2021\/12\/004-3-191x300.jpg 191w\" sizes=\"(max-width: 573px) 100vw, 573px\" \/><\/p>\n<div><\/div>\n","protected":false},"excerpt":{"rendered":"<p>Derivado del Decreto 17-2021 que contiene las reformas a la Ley de Protecci\u00f3n a los Jubilados, Pensionados o Beneficiarios de los distintos Reg\u00edmenes de Clases Pasivas del Estado; Gobernaci\u00f3n Departamental en cumplimiento del referido Decreto informa que a partir del d\u00eda lunes 6 de diciembre los jubilados y pensi\u00f3nanos del Estado no se encuentran obligados [&hellip;]<\/p>\n","protected":false},"author":1,"featured_media":12055,"comment_status":"closed","ping_status":"open","sticky":false,"template":"","format":"standard","meta":[],"categories":[183],"tags":[178],"_links":{"self":[{"href":"https:\/\/gobernacionaltaverapaz.gob.gt\/index.php?rest_route=\/wp\/v2\/posts\/12054"}],"collection":[{"href":"https:\/\/gobernacionaltaverapaz.gob.gt\/index.php?rest_route=\/wp\/v2\/posts"}],"about":[{"href":"https:\/\/gobernacionaltaverapaz.gob.gt\/index.php?rest_route=\/wp\/v2\/types\/post"}],"author":[{"embeddable":true,"href":"https:\/\/gobernacionaltaverapaz.gob.gt\/index.php?rest_route=\/wp\/v2\/users\/1"}],"replies":[{"embeddable":true,"href":"https:\/\/gobernacionaltaverapaz.gob.gt\/index.php?rest_route=%2Fwp%2Fv2%2Fcomments&post=12054"}],"version-history":[{"count":2,"href":"https:\/\/gobernacionaltaverapaz.gob.gt\/index.php?rest_route=\/wp\/v2\/posts\/12054\/revisions"}],"predecessor-version":[{"id":12063,"href":"https:\/\/gobernacionaltaverapaz.gob.gt\/index.php?rest_route=\/wp\/v2\/posts\/12054\/revisions\/12063"}],"wp:featuredmedia":[{"embeddable":true,"href":"https:\/\/gobernacionaltaverapaz.gob.gt\/index.php?rest_route=\/wp\/v2\/media\/12055"}],"wp:attachment":[{"href":"https:\/\/gobernacionaltaverapaz.gob.gt\/index.php?rest_route=%2Fwp%2Fv2%2Fmedia&parent=12054"}],"wp:term":[{"taxonomy":"category","embeddable":true,"href":"https:\/\/gobernacionaltaverapaz.gob.gt\/index.php?rest_route=%2Fwp%2Fv2%2Fcategories&post=12054"},{"taxonomy":"post_tag","embeddable":true,"href":"https:\/\/gobernacionaltaverapaz.gob.gt\/index.php?rest_route=%2Fwp%2Fv2%2Ftags&post=12054"}],"curies":[{"name":"wp","href":"https:\/\/api.w.org\/{rel}","templated":true}]}}