{"id":12073,"date":"2021-12-08T06:54:19","date_gmt":"2021-12-08T12:54:19","guid":{"rendered":"https:\/\/gobernacionaltaverapaz.gob.gt\/?p=12073"},"modified":"2021-12-10T08:45:19","modified_gmt":"2021-12-10T14:45:19","slug":"perfilacin-recapeo-de-asfalto-rea-urbana-de-la-villa-de-tactic-alta-verapaz","status":"publish","type":"post","link":"https:\/\/gobernacionaltaverapaz.gob.gt\/?p=12073","title":{"rendered":"Perfilaci\u00f3n y recapeo de asfalto, \u00e1rea urbana de la villa de Tactic, Alta Verapaz"},"content":{"rendered":"<p style=\"text-align: justify;\">Los trabajos de perfilaci\u00f3n y recapeo de asfalto de la 2\u00aa y 3\u00aa call\u00e9 del \u00e1rea Urbana del Municipio de Tactic, Alta Verapaz, dieron inicio el d\u00eda de ayer 07 de diciembre, estos trabajos permitir\u00e1n reparar la v\u00eda vehicular que conecta uno de los ejes log\u00edsticos y econ\u00f3micos m\u00e1s importantes del departamento de Alta Verapaz.<\/p>\n<p style=\"text-align: justify;\">Con la gesti\u00f3n del se\u00f1or y su honorable Consejo Municipal con el <a href=\"https:\/\/www.facebook.com\/guatemalagob\/?__cft__%5b0%5d=AZVlRlv3ttZVxuoi_nfIdSv6gdUm_VbpQeAzEbu7hcIr-YiSKxRRRRRSisE1rFh72Ton6I7RK4P_OXiNQquU_GeH6jNEDkFqKHrfoHGCG4u2vkz4Hrw6qvD7i69f-f-geTJWd687PDNNcEm8GWE6tvPr&amp;__tn__=kK-R\" target=\"_blank\" rel=\"noopener\">Gobierno de Guatemala<\/a> del presidente Dr. <a href=\"https:\/\/www.facebook.com\/AlejandroGiammattei\/?__cft__%5b0%5d=AZVlRlv3ttZVxuoi_nfIdSv6gdUm_VbpQeAzEbu7hcIr-YiSKxRRRRRSisE1rFh72Ton6I7RK4P_OXiNQquU_GeH6jNEDkFqKHrfoHGCG4u2vkz4Hrw6qvD7i69f-f-geTJWd687PDNNcEm8GWE6tvPr&amp;__tn__=kK-R\" target=\"_blank\" rel=\"noopener\">Alejandro Giammattei<\/a> que a trav\u00e9s del <a href=\"https:\/\/www.facebook.com\/civguate\/?__cft__%5b0%5d=AZVlRlv3ttZVxuoi_nfIdSv6gdUm_VbpQeAzEbu7hcIr-YiSKxRRRRRSisE1rFh72Ton6I7RK4P_OXiNQquU_GeH6jNEDkFqKHrfoHGCG4u2vkz4Hrw6qvD7i69f-f-geTJWd687PDNNcEm8GWE6tvPr&amp;__tn__=kK-R\" target=\"_blank\" rel=\"noopener\">CIV- Ministerio de Comunicaciones<\/a> resaltan el compromiso de mejorar la conectividad y desarrollo de la red vial del pa\u00eds, obras que contribuye al plan de reactivaci\u00f3n econ\u00f3mica<\/p>\n<p><a href=\"https:\/\/www.facebook.com\/hashtag\/accionesquetransforman?__eep__=6&amp;__cft__%5b0%5d=AZVlRlv3ttZVxuoi_nfIdSv6gdUm_VbpQeAzEbu7hcIr-YiSKxRRRRRSisE1rFh72Ton6I7RK4P_OXiNQquU_GeH6jNEDkFqKHrfoHGCG4u2vkz4Hrw6qvD7i69f-f-geTJWd687PDNNcEm8GWE6tvPr&amp;__tn__=*NK-R\" target=\"_blank\" rel=\"noopener\">#AccionesQueTransforman<br \/>\n<\/a><a href=\"https:\/\/www.facebook.com\/hashtag\/altaverapazsigueavanzando?__eep__=6&amp;__cft__%5b0%5d=AZVlRlv3ttZVxuoi_nfIdSv6gdUm_VbpQeAzEbu7hcIr-YiSKxRRRRRSisE1rFh72Ton6I7RK4P_OXiNQquU_GeH6jNEDkFqKHrfoHGCG4u2vkz4Hrw6qvD7i69f-f-geTJWd687PDNNcEm8GWE6tvPr&amp;__tn__=*NK-R\" target=\"_blank\" rel=\"noopener\">#altaverapazsigueavanzando<br \/>\n<\/a><a href=\"https:\/\/www.facebook.com\/hashtag\/civ?__eep__=6&amp;__cft__%5b0%5d=AZVlRlv3ttZVxuoi_nfIdSv6gdUm_VbpQeAzEbu7hcIr-YiSKxRRRRRSisE1rFh72Ton6I7RK4P_OXiNQquU_GeH6jNEDkFqKHrfoHGCG4u2vkz4Hrw6qvD7i69f-f-geTJWd687PDNNcEm8GWE6tvPr&amp;__tn__=*NK-R\" target=\"_blank\" rel=\"noopener\">#CIV<\/a><\/p>\n<div><\/div>\n<p>&nbsp;<\/p>\n","protected":false},"excerpt":{"rendered":"<p>Los trabajos de perfilaci\u00f3n y recapeo de asfalto de la 2\u00aa y 3\u00aa call\u00e9 del \u00e1rea Urbana del Municipio de Tactic, Alta Verapaz, dieron inicio el d\u00eda de ayer 07 de diciembre, estos trabajos permitir\u00e1n reparar la v\u00eda vehicular que conecta uno de los ejes log\u00edsticos y econ\u00f3micos m\u00e1s importantes del departamento de Alta Verapaz. [&hellip;]<\/p>\n","protected":false},"author":1,"featured_media":12082,"comment_status":"closed","ping_status":"open","sticky":false,"template":"","format":"gallery","meta":[],"categories":[4],"tags":[178],"_links":{"self":[{"href":"https:\/\/gobernacionaltaverapaz.gob.gt\/index.php?rest_route=\/wp\/v2\/posts\/12073"}],"collection":[{"href":"https:\/\/gobernacionaltaverapaz.gob.gt\/index.php?rest_route=\/wp\/v2\/posts"}],"about":[{"href":"https:\/\/gobernacionaltaverapaz.gob.gt\/index.php?rest_route=\/wp\/v2\/types\/post"}],"author":[{"embeddable":true,"href":"https:\/\/gobernacionaltaverapaz.gob.gt\/index.php?rest_route=\/wp\/v2\/users\/1"}],"replies":[{"embeddable":true,"href":"https:\/\/gobernacionaltaverapaz.gob.gt\/index.php?rest_route=%2Fwp%2Fv2%2Fcomments&post=12073"}],"version-history":[{"count":2,"href":"https:\/\/gobernacionaltaverapaz.gob.gt\/index.php?rest_route=\/wp\/v2\/posts\/12073\/revisions"}],"predecessor-version":[{"id":12087,"href":"https:\/\/gobernacionaltaverapaz.gob.gt\/index.php?rest_route=\/wp\/v2\/posts\/12073\/revisions\/12087"}],"wp:featuredmedia":[{"embeddable":true,"href":"https:\/\/gobernacionaltaverapaz.gob.gt\/index.php?rest_route=\/wp\/v2\/media\/12082"}],"wp:attachment":[{"href":"https:\/\/gobernacionaltaverapaz.gob.gt\/index.php?rest_route=%2Fwp%2Fv2%2Fmedia&parent=12073"}],"wp:term":[{"taxonomy":"category","embeddable":true,"href":"https:\/\/gobernacionaltaverapaz.gob.gt\/index.php?rest_route=%2Fwp%2Fv2%2Fcategories&post=12073"},{"taxonomy":"post_tag","embeddable":true,"href":"https:\/\/gobernacionaltaverapaz.gob.gt\/index.php?rest_route=%2Fwp%2Fv2%2Ftags&post=12073"}],"curies":[{"name":"wp","href":"https:\/\/api.w.org\/{rel}","templated":true}]}}