{"id":12096,"date":"2021-12-17T21:24:51","date_gmt":"2021-12-18T03:24:51","guid":{"rendered":"https:\/\/gobernacionaltaverapaz.gob.gt\/?p=12096"},"modified":"2021-12-22T12:49:01","modified_gmt":"2021-12-22T18:49:01","slug":"inauguracin-centro-de-salud-comunitario-de-sacsuh","status":"publish","type":"post","link":"https:\/\/gobernacionaltaverapaz.gob.gt\/?p=12096","title":{"rendered":"Inauguraci\u00f3n Centro de Salud comunitario de Sacsuh\u00e1"},"content":{"rendered":"<p style=\"text-align: justify;\">Autoridades locales, l\u00edderes comunitarias y vecinos participaron en la inauguraci\u00f3n del recinto que fortalecer\u00e1 la atenci\u00f3n primaria.<\/p>\n<p style=\"text-align: justify;\">Las m\u00e1s de 3 mil personas que residen en la aldea Sacsuh\u00e1 I, en Santa Catalina La Tinta, se benefician con un servicio de salud digno, luego de la construcci\u00f3n de un centro comunitario.<\/p>\n<p style=\"text-align: justify;\">El inmueble, que consta de un consultorio, m\u00f3dulos para sanitarios y fosa s\u00e9ptica, requiri\u00f3 una inversi\u00f3n de 791 mil 106 quetzales, de los cuales m\u00e1s de 90 mil se destinaron al equipamiento.<\/p>\n<p style=\"text-align: justify;\">Durante el acto de inauguraci\u00f3n, autoridades del <a href=\"https:\/\/www.facebook.com\/PROEDUSADASAV\/?__cft__%5b0%5d=AZV74xQLqfDVl41xtR8arUR320ifeHqbrUVDEej-6t9wXKyzxPtXeybIqganaFozhdHI3DfCRgKMM6mIBoP12spNU7OTst0dm-hv1u_3ZPE6lm2aGG_psb_I5kLTqhg0U2xtSmX2mnyFSGOJE-r6nU2C&amp;__tn__=kK-R\" target=\"_blank\" rel=\"noopener\">Direcci\u00f3n de \u00c1rea de Salud de Alta Verapaz<\/a> indicaron que esto permitir\u00e1 brindar una atenci\u00f3n oportuna a los vecinos y disminuir la referencia de pacientes al hospital. Agregaron que entre los servicios que se prestar\u00e1n figuran asistencia prenatal y perinatal, as\u00ed como consultas en medicina general y pediatr\u00eda. Adem\u00e1s, se desarrollar\u00e1n jornadas m\u00e9dicas integrales.<\/p>\n<p style=\"text-align: justify;\">Para el efecto, se har\u00e1n las gestiones ante el <a href=\"https:\/\/www.facebook.com\/MinisteriodeSaludPublicayAsistenciaSocial\/?__cft__%5b0%5d=AZV74xQLqfDVl41xtR8arUR320ifeHqbrUVDEej-6t9wXKyzxPtXeybIqganaFozhdHI3DfCRgKMM6mIBoP12spNU7OTst0dm-hv1u_3ZPE6lm2aGG_psb_I5kLTqhg0U2xtSmX2mnyFSGOJE-r6nU2C&amp;__tn__=kK-R\" target=\"_blank\" rel=\"noopener\">Ministerio de Salud P\u00fablica y Asistencia Social<\/a>, el cual deber\u00e1 designar al personal necesario.<\/p>\n<p style=\"text-align: justify;\">El alcalde Gilberto Artolo Choc indic\u00f3 que con esa obra se cumple una de las demandas de los comunitarios, quienes no dispon\u00edan de un edificio para recibir atenci\u00f3n primaria. Debido a esto, deb\u00edan movilizarse al casco urbano, lo cual les representaba gastos y pon\u00eda en riesgo la vida de los enfermos.<\/p>\n<p style=\"text-align: justify;\">Por su parte, el gobernador Romel V\u00e9liz se dijo complacido con la entrega del centro de Salud comunitario. Destac\u00f3 que de esta manera se honra el compromiso asumido por el presidente <a href=\"https:\/\/www.facebook.com\/AlejandroGiammattei\/?__cft__%5b0%5d=AZV74xQLqfDVl41xtR8arUR320ifeHqbrUVDEej-6t9wXKyzxPtXeybIqganaFozhdHI3DfCRgKMM6mIBoP12spNU7OTst0dm-hv1u_3ZPE6lm2aGG_psb_I5kLTqhg0U2xtSmX2mnyFSGOJE-r6nU2C&amp;__tn__=kK-R\" target=\"_blank\" rel=\"noopener\">Alejandro Giammattei<\/a> durante su visita a la comunidad, en marzo.<\/p>\n<p><a href=\"https:\/\/www.facebook.com\/hashtag\/altaverapazsigueavanzando?__eep__=6&amp;__cft__%5b0%5d=AZV74xQLqfDVl41xtR8arUR320ifeHqbrUVDEej-6t9wXKyzxPtXeybIqganaFozhdHI3DfCRgKMM6mIBoP12spNU7OTst0dm-hv1u_3ZPE6lm2aGG_psb_I5kLTqhg0U2xtSmX2mnyFSGOJE-r6nU2C&amp;__tn__=*NK-R\" target=\"_blank\" rel=\"noopener\">#altaverapazsigueavanzando<br \/>\n<\/a><a href=\"https:\/\/www.facebook.com\/hashtag\/guatemalanosedetiene?__eep__=6&amp;__cft__%5b0%5d=AZV74xQLqfDVl41xtR8arUR320ifeHqbrUVDEej-6t9wXKyzxPtXeybIqganaFozhdHI3DfCRgKMM6mIBoP12spNU7OTst0dm-hv1u_3ZPE6lm2aGG_psb_I5kLTqhg0U2xtSmX2mnyFSGOJE-r6nU2C&amp;__tn__=*NK-R\" target=\"_blank\" rel=\"noopener\">#GuatemalaNoSeDetiene<\/a><\/p>\n<div><\/div>\n<p>&nbsp;<\/p>\n","protected":false},"excerpt":{"rendered":"<p>Autoridades locales, l\u00edderes comunitarias y vecinos participaron en la inauguraci\u00f3n del recinto que fortalecer\u00e1 la atenci\u00f3n primaria. Las m\u00e1s de 3 mil personas que residen en la aldea Sacsuh\u00e1 I, en Santa Catalina La Tinta, se benefician con un servicio de salud digno, luego de la construcci\u00f3n de un centro comunitario. El inmueble, que consta [&hellip;]<\/p>\n","protected":false},"author":1,"featured_media":12101,"comment_status":"closed","ping_status":"open","sticky":false,"template":"","format":"gallery","meta":[],"categories":[5],"tags":[178],"_links":{"self":[{"href":"https:\/\/gobernacionaltaverapaz.gob.gt\/index.php?rest_route=\/wp\/v2\/posts\/12096"}],"collection":[{"href":"https:\/\/gobernacionaltaverapaz.gob.gt\/index.php?rest_route=\/wp\/v2\/posts"}],"about":[{"href":"https:\/\/gobernacionaltaverapaz.gob.gt\/index.php?rest_route=\/wp\/v2\/types\/post"}],"author":[{"embeddable":true,"href":"https:\/\/gobernacionaltaverapaz.gob.gt\/index.php?rest_route=\/wp\/v2\/users\/1"}],"replies":[{"embeddable":true,"href":"https:\/\/gobernacionaltaverapaz.gob.gt\/index.php?rest_route=%2Fwp%2Fv2%2Fcomments&post=12096"}],"version-history":[{"count":2,"href":"https:\/\/gobernacionaltaverapaz.gob.gt\/index.php?rest_route=\/wp\/v2\/posts\/12096\/revisions"}],"predecessor-version":[{"id":12109,"href":"https:\/\/gobernacionaltaverapaz.gob.gt\/index.php?rest_route=\/wp\/v2\/posts\/12096\/revisions\/12109"}],"wp:featuredmedia":[{"embeddable":true,"href":"https:\/\/gobernacionaltaverapaz.gob.gt\/index.php?rest_route=\/wp\/v2\/media\/12101"}],"wp:attachment":[{"href":"https:\/\/gobernacionaltaverapaz.gob.gt\/index.php?rest_route=%2Fwp%2Fv2%2Fmedia&parent=12096"}],"wp:term":[{"taxonomy":"category","embeddable":true,"href":"https:\/\/gobernacionaltaverapaz.gob.gt\/index.php?rest_route=%2Fwp%2Fv2%2Fcategories&post=12096"},{"taxonomy":"post_tag","embeddable":true,"href":"https:\/\/gobernacionaltaverapaz.gob.gt\/index.php?rest_route=%2Fwp%2Fv2%2Ftags&post=12096"}],"curies":[{"name":"wp","href":"https:\/\/api.w.org\/{rel}","templated":true}]}}