{"id":12110,"date":"2021-12-24T12:10:37","date_gmt":"2021-12-24T18:10:37","guid":{"rendered":"https:\/\/gobernacionaltaverapaz.gob.gt\/?p=12110"},"modified":"2021-12-27T16:37:55","modified_gmt":"2021-12-27T22:37:55","slug":"comedor-social-senah","status":"publish","type":"post","link":"https:\/\/gobernacionaltaverapaz.gob.gt\/?p=12110","title":{"rendered":"Comedor Social Senah\u00fa"},"content":{"rendered":"<p style=\"text-align: justify;\">Comedor Social es un programa que consiste en la entrega de raciones alimenticias en tiempo de desayuno y almuerzo de lunes a viernes, permitiendo a las personas acceder a una alimentaci\u00f3n adecuada, inocua y nutritiva.<\/p>\n<p style=\"text-align: justify;\">Est\u00e1 dirigido a poblaci\u00f3n que vive en condiciones de vulnerabilidad o crisis frente a situaciones de inseguridad alimentaria y nutricional. Prioriza a ni\u00f1as y ni\u00f1os, mujeres embarazadas, lactantes, personas adultas mayores, personas con discapacidad, y poblaci\u00f3n ind\u00edgena.<\/p>\n<p><a href=\"https:\/\/www.facebook.com\/AlejandroGiammattei\/?__cft__%5b0%5d=AZU8u2MmA-61ov_6i1x2TjAtpl_mrp6FsAB322t1Zhc0zbAPXNbKlAy9aU1OzWahVwGvonO27Hs63BvfCEHADIoeqIjUgocYFI-jH2-BH7vIBwiGfbAxw3Z6_9gOJPld_RB432HOwD4TEQquOqGKGXeFhn4wHdRXREP7DbnypPFUrQ&amp;__tn__=kK-R\" target=\"_blank\" rel=\"noopener\">Alejandro Giammattei<br \/>\n<\/a><a href=\"https:\/\/www.facebook.com\/guatemalagob\/?__cft__%5b0%5d=AZU8u2MmA-61ov_6i1x2TjAtpl_mrp6FsAB322t1Zhc0zbAPXNbKlAy9aU1OzWahVwGvonO27Hs63BvfCEHADIoeqIjUgocYFI-jH2-BH7vIBwiGfbAxw3Z6_9gOJPld_RB432HOwD4TEQquOqGKGXeFhn4wHdRXREP7DbnypPFUrQ&amp;__tn__=kK-R\" target=\"_blank\" rel=\"noopener\">Gobierno de Guatemala<\/a><\/p>\n<p><a href=\"https:\/\/www.facebook.com\/GobernacionAV\/videos\/456071992635437\/\" target=\"_blank\" rel=\"noopener\"><img decoding=\"async\" loading=\"lazy\" class=\"alignnone wp-image-12112 size-full\" title=\"Ver video en Facebook\" src=\"https:\/\/gobernacionaltaverapaz.gob.gt\/wp-content\/uploads\/2021\/12\/002-9.jpg\" alt=\"\" width=\"900\" height=\"600\" srcset=\"https:\/\/gobernacionaltaverapaz.gob.gt\/wp-content\/uploads\/2021\/12\/002-9.jpg 900w, https:\/\/gobernacionaltaverapaz.gob.gt\/wp-content\/uploads\/2021\/12\/002-9-300x200.jpg 300w, https:\/\/gobernacionaltaverapaz.gob.gt\/wp-content\/uploads\/2021\/12\/002-9-768x512.jpg 768w\" sizes=\"(max-width: 900px) 100vw, 900px\" \/><\/a><\/p>\n<p>&nbsp;<\/p>\n","protected":false},"excerpt":{"rendered":"<p>Comedor Social es un programa que consiste en la entrega de raciones alimenticias en tiempo de desayuno y almuerzo de lunes a viernes, permitiendo a las personas acceder a una alimentaci\u00f3n adecuada, inocua y nutritiva. Est\u00e1 dirigido a poblaci\u00f3n que vive en condiciones de vulnerabilidad o crisis frente a situaciones de inseguridad alimentaria y nutricional. [&hellip;]<\/p>\n","protected":false},"author":1,"featured_media":12111,"comment_status":"closed","ping_status":"open","sticky":false,"template":"","format":"video","meta":[],"categories":[202],"tags":[178],"_links":{"self":[{"href":"https:\/\/gobernacionaltaverapaz.gob.gt\/index.php?rest_route=\/wp\/v2\/posts\/12110"}],"collection":[{"href":"https:\/\/gobernacionaltaverapaz.gob.gt\/index.php?rest_route=\/wp\/v2\/posts"}],"about":[{"href":"https:\/\/gobernacionaltaverapaz.gob.gt\/index.php?rest_route=\/wp\/v2\/types\/post"}],"author":[{"embeddable":true,"href":"https:\/\/gobernacionaltaverapaz.gob.gt\/index.php?rest_route=\/wp\/v2\/users\/1"}],"replies":[{"embeddable":true,"href":"https:\/\/gobernacionaltaverapaz.gob.gt\/index.php?rest_route=%2Fwp%2Fv2%2Fcomments&post=12110"}],"version-history":[{"count":1,"href":"https:\/\/gobernacionaltaverapaz.gob.gt\/index.php?rest_route=\/wp\/v2\/posts\/12110\/revisions"}],"predecessor-version":[{"id":12113,"href":"https:\/\/gobernacionaltaverapaz.gob.gt\/index.php?rest_route=\/wp\/v2\/posts\/12110\/revisions\/12113"}],"wp:featuredmedia":[{"embeddable":true,"href":"https:\/\/gobernacionaltaverapaz.gob.gt\/index.php?rest_route=\/wp\/v2\/media\/12111"}],"wp:attachment":[{"href":"https:\/\/gobernacionaltaverapaz.gob.gt\/index.php?rest_route=%2Fwp%2Fv2%2Fmedia&parent=12110"}],"wp:term":[{"taxonomy":"category","embeddable":true,"href":"https:\/\/gobernacionaltaverapaz.gob.gt\/index.php?rest_route=%2Fwp%2Fv2%2Fcategories&post=12110"},{"taxonomy":"post_tag","embeddable":true,"href":"https:\/\/gobernacionaltaverapaz.gob.gt\/index.php?rest_route=%2Fwp%2Fv2%2Ftags&post=12110"}],"curies":[{"name":"wp","href":"https:\/\/api.w.org\/{rel}","templated":true}]}}