{"id":12126,"date":"2021-12-30T18:51:42","date_gmt":"2021-12-31T00:51:42","guid":{"rendered":"https:\/\/gobernacionaltaverapaz.gob.gt\/?p=12126"},"modified":"2022-01-04T09:26:24","modified_gmt":"2022-01-04T15:26:24","slug":"resolucin-honorfica","status":"publish","type":"post","link":"https:\/\/gobernacionaltaverapaz.gob.gt\/?p=12126","title":{"rendered":"Resoluci\u00f3n Honor\u00edfica"},"content":{"rendered":"<div class=\"cxmmr5t8 oygrvhab hcukyx3x c1et5uql o9v6fnle ii04i59q\">\n<div dir=\"auto\" style=\"text-align: justify;\">En el marco de la conmemoraci\u00f3n del 25 aniversario de la firma de los Acuerdos de Paz, el se\u00f1or Gobernador Departamental de Alta Verapaz, Romel Manuel V\u00e9liz Castro, requiri\u00f3 promover espacios que permitan reconocer e incentivar a los ciudadanos guatemaltecos que abnegadamente contribuyen con la sociedad, aportando sus conocimientos, experiencias y esfuerzos, para mejorar la calidad de vida de los habitantes desde una perspectiva integral.<\/div>\n<\/div>\n<div class=\"cxmmr5t8 oygrvhab hcukyx3x c1et5uql o9v6fnle ii04i59q\">\n<div dir=\"auto\" style=\"text-align: justify;\">Considerando que la Licenciada y Magister RUTH EUGENIA ESCOBAR ARRIAZA, ha puesto a disposici\u00f3n de la poblaci\u00f3n en general sus conocimientos y servicios desde los diferentes espacios del sector salud que se le ha confiado, dentro de los que se destacan, Coordinadora T\u00e9cnica de las jurisdicciones de Maguila y Naranjal del Municipio de Fray Bartolom\u00e9 de las Casas y Chipajche del Municipio de Santa Maria Cahab\u00f3n, Enfermera Supervisora para el primer nivel de atenci\u00f3n, en el Centro de Salud de Cob\u00e1n, consultora en educaci\u00f3n para el departamento de Alta Verapaz, bajo la coordinaci\u00f3n del \u00c1rea de Salud, Enfermera de Programas del Centro de Salud de Cob\u00e1n, entre otros, Contribuyendo de esta manera al fortalecimiento y cumplimiento lo relativo a la salud preventiva y curativa, esfuerzos que han sido dosificados para atender a los habitantes de nuestro departamento, que se ha visto afectados por la pandemia SARS-CoV-2 (Covid-19).<\/div>\n<div dir=\"auto\"><\/div>\n<\/div>\n<div class=\"cxmmr5t8 oygrvhab hcukyx3x c1et5uql o9v6fnle ii04i59q\">\n<div dir=\"auto\"><a class=\"oajrlxb2 g5ia77u1 qu0x051f esr5mh6w e9989ue4 r7d6kgcz rq0escxv nhd2j8a9 nc684nl6 p7hjln8o kvgmc6g5 cxmmr5t8 oygrvhab hcukyx3x jb3vyjys rz4wbd8a qt6c0cv9 a8nywdso i1ao9s8h esuyzwwr f1sip0of lzcic4wl gpro0wi8 q66pz984 b1v8xokw\" tabindex=\"0\" role=\"link\" href=\"https:\/\/www.facebook.com\/hashtag\/accionesquetransforman?__eep__=6&amp;__cft__[0]=AZU8qUh1afuNtwLlwz7jyUr622kO0Ps5JUaLTgI3oQKg4EsFmkDJAIx0x-AzlNj9IRvxjXfC3eH9KaAzahtT4PQmu8HKGVjgle31xF2EWnvn0d50AuHQkxoRy0Oc59hR2yNIafukTuKU2Hqc-o8oo7I3&amp;__tn__=*NK-R\">#AccionesQueTransforman<\/a><\/div>\n<div dir=\"auto\"><a class=\"oajrlxb2 g5ia77u1 qu0x051f esr5mh6w e9989ue4 r7d6kgcz rq0escxv nhd2j8a9 nc684nl6 p7hjln8o kvgmc6g5 cxmmr5t8 oygrvhab hcukyx3x jb3vyjys rz4wbd8a qt6c0cv9 a8nywdso i1ao9s8h esuyzwwr f1sip0of lzcic4wl gpro0wi8 q66pz984 b1v8xokw\" tabindex=\"0\" role=\"link\" href=\"https:\/\/www.facebook.com\/hashtag\/altaverapazsigueavanzando?__eep__=6&amp;__cft__[0]=AZU8qUh1afuNtwLlwz7jyUr622kO0Ps5JUaLTgI3oQKg4EsFmkDJAIx0x-AzlNj9IRvxjXfC3eH9KaAzahtT4PQmu8HKGVjgle31xF2EWnvn0d50AuHQkxoRy0Oc59hR2yNIafukTuKU2Hqc-o8oo7I3&amp;__tn__=*NK-R\">#altaverapazsigueavanzando<\/a><\/div>\n<\/div>\n<div class=\"cxmmr5t8 oygrvhab hcukyx3x c1et5uql o9v6fnle ii04i59q\">\n<div dir=\"auto\"><a class=\"oajrlxb2 g5ia77u1 qu0x051f esr5mh6w e9989ue4 r7d6kgcz rq0escxv nhd2j8a9 nc684nl6 p7hjln8o kvgmc6g5 cxmmr5t8 oygrvhab hcukyx3x jb3vyjys rz4wbd8a qt6c0cv9 a8nywdso i1ao9s8h esuyzwwr f1sip0of lzcic4wl gpro0wi8 q66pz984 b1v8xokw\" tabindex=\"0\" role=\"link\" href=\"https:\/\/www.facebook.com\/hashtag\/guatemalanosedetiene?__eep__=6&amp;__cft__[0]=AZU8qUh1afuNtwLlwz7jyUr622kO0Ps5JUaLTgI3oQKg4EsFmkDJAIx0x-AzlNj9IRvxjXfC3eH9KaAzahtT4PQmu8HKGVjgle31xF2EWnvn0d50AuHQkxoRy0Oc59hR2yNIafukTuKU2Hqc-o8oo7I3&amp;__tn__=*NK-R\">#GuatemalaNoSeDetiene<\/a><\/div>\n<\/div>\n<div dir=\"auto\"><\/div>\n<div dir=\"auto\"><\/div>\n<div dir=\"auto\">\n<div><\/div>\n<\/div>\n<p>&nbsp;<\/p>\n","protected":false},"excerpt":{"rendered":"<p>En el marco de la conmemoraci\u00f3n del 25 aniversario de la firma de los Acuerdos de Paz, el se\u00f1or Gobernador Departamental de Alta Verapaz, Romel Manuel V\u00e9liz Castro, requiri\u00f3 promover espacios que permitan reconocer e incentivar a los ciudadanos guatemaltecos que abnegadamente contribuyen con la sociedad, aportando sus conocimientos, experiencias y esfuerzos, para mejorar la [&hellip;]<\/p>\n","protected":false},"author":1,"featured_media":12119,"comment_status":"closed","ping_status":"open","sticky":false,"template":"","format":"gallery","meta":[],"categories":[183],"tags":[178],"_links":{"self":[{"href":"https:\/\/gobernacionaltaverapaz.gob.gt\/index.php?rest_route=\/wp\/v2\/posts\/12126"}],"collection":[{"href":"https:\/\/gobernacionaltaverapaz.gob.gt\/index.php?rest_route=\/wp\/v2\/posts"}],"about":[{"href":"https:\/\/gobernacionaltaverapaz.gob.gt\/index.php?rest_route=\/wp\/v2\/types\/post"}],"author":[{"embeddable":true,"href":"https:\/\/gobernacionaltaverapaz.gob.gt\/index.php?rest_route=\/wp\/v2\/users\/1"}],"replies":[{"embeddable":true,"href":"https:\/\/gobernacionaltaverapaz.gob.gt\/index.php?rest_route=%2Fwp%2Fv2%2Fcomments&post=12126"}],"version-history":[{"count":1,"href":"https:\/\/gobernacionaltaverapaz.gob.gt\/index.php?rest_route=\/wp\/v2\/posts\/12126\/revisions"}],"predecessor-version":[{"id":12127,"href":"https:\/\/gobernacionaltaverapaz.gob.gt\/index.php?rest_route=\/wp\/v2\/posts\/12126\/revisions\/12127"}],"wp:featuredmedia":[{"embeddable":true,"href":"https:\/\/gobernacionaltaverapaz.gob.gt\/index.php?rest_route=\/wp\/v2\/media\/12119"}],"wp:attachment":[{"href":"https:\/\/gobernacionaltaverapaz.gob.gt\/index.php?rest_route=%2Fwp%2Fv2%2Fmedia&parent=12126"}],"wp:term":[{"taxonomy":"category","embeddable":true,"href":"https:\/\/gobernacionaltaverapaz.gob.gt\/index.php?rest_route=%2Fwp%2Fv2%2Fcategories&post=12126"},{"taxonomy":"post_tag","embeddable":true,"href":"https:\/\/gobernacionaltaverapaz.gob.gt\/index.php?rest_route=%2Fwp%2Fv2%2Ftags&post=12126"}],"curies":[{"name":"wp","href":"https:\/\/api.w.org\/{rel}","templated":true}]}}