{"id":12141,"date":"2022-01-03T20:31:07","date_gmt":"2022-01-04T02:31:07","guid":{"rendered":"https:\/\/gobernacionaltaverapaz.gob.gt\/?p=12141"},"modified":"2022-01-04T09:38:53","modified_gmt":"2022-01-04T15:38:53","slug":"reunin-de-trabajo-sesan-delegacin-alta-verapaz","status":"publish","type":"post","link":"https:\/\/gobernacionaltaverapaz.gob.gt\/?p=12141","title":{"rendered":"Reuni\u00f3n de trabajo -SESAN- Delegaci\u00f3n Alta Verapaz"},"content":{"rendered":"<div class=\"cxmmr5t8 oygrvhab hcukyx3x c1et5uql o9v6fnle ii04i59q\">\n<div dir=\"auto\">Para fortalecer las competencias y priorizar acciones institucionales del equipo de campo de la <a class=\"oajrlxb2 g5ia77u1 qu0x051f esr5mh6w e9989ue4 r7d6kgcz rq0escxv nhd2j8a9 nc684nl6 p7hjln8o kvgmc6g5 cxmmr5t8 oygrvhab hcukyx3x jb3vyjys rz4wbd8a qt6c0cv9 a8nywdso i1ao9s8h esuyzwwr f1sip0of lzcic4wl gpro0wi8 q66pz984 b1v8xokw\" tabindex=\"0\" role=\"link\" href=\"https:\/\/www.facebook.com\/Sesangt\/?__cft__[0]=AZXklqheKEplflTt7ykTosaIlB4ojCou8LHwl2NghaFG5SjWunjfVy9TTcdF8zP6k5XXT_RMFimqfnOKPKHLzKWOkI-NJZn5SBGmhpvYfnk2KVTjlNOzxVenLWcN4xkEqPbTXqXooSTf8DPC0peY5_Yo&amp;__tn__=kK-R\"><span class=\"nc684nl6\">Secretar\u00eda de Seguridad Alimentaria y Nutricional-SESAN<\/span><\/a> como representantes departamentales y municipales del ente coordinador y articulador de acciones en Seguridad Alimentaria y Nutricional (SAN) de Alta Verapaz, se llev\u00f3 a cabo el d\u00eda de hoy reuni\u00f3n de trabajo del equipo de la Delegaci\u00f3n con el fin de elaborar planes operativos y de Comunicaci\u00f3n para el cambio Social y de comportamiento con el fin de mejorar la nutrici\u00f3n, especialmente de ni\u00f1os, ni\u00f1as y madres; para contribuir al logro del resultado de la estrategia de Gobierno Gran Cruzada Nacional por la Nutrici\u00f3n.<\/div>\n<\/div>\n<div class=\"cxmmr5t8 oygrvhab hcukyx3x c1et5uql o9v6fnle ii04i59q\">\n<div dir=\"auto\">Con el fin de fortalecer la Gobernanza se cont\u00f3 con la presencia del Se\u00f1or Gobernador Departamental Ingeniero Romel Manuel Veliz Castro en donde se dieron lineamientos de trabajo 2022 al equipo t\u00e9cnico de monitores de la delegacion de SESAN, Alta Verpaz para combatir la desnutrici\u00f3n de ni\u00f1os y ni\u00f1as en el departamento.<\/div>\n<div dir=\"auto\"><\/div>\n<\/div>\n<div class=\"cxmmr5t8 oygrvhab hcukyx3x c1et5uql o9v6fnle ii04i59q\">\n<div dir=\"auto\"><a class=\"oajrlxb2 g5ia77u1 qu0x051f esr5mh6w e9989ue4 r7d6kgcz rq0escxv nhd2j8a9 nc684nl6 p7hjln8o kvgmc6g5 cxmmr5t8 oygrvhab hcukyx3x jb3vyjys rz4wbd8a qt6c0cv9 a8nywdso i1ao9s8h esuyzwwr f1sip0of lzcic4wl gpro0wi8 q66pz984 b1v8xokw\" tabindex=\"0\" role=\"link\" href=\"https:\/\/www.facebook.com\/hashtag\/accionesquetransforman?__eep__=6&amp;__cft__[0]=AZXklqheKEplflTt7ykTosaIlB4ojCou8LHwl2NghaFG5SjWunjfVy9TTcdF8zP6k5XXT_RMFimqfnOKPKHLzKWOkI-NJZn5SBGmhpvYfnk2KVTjlNOzxVenLWcN4xkEqPbTXqXooSTf8DPC0peY5_Yo&amp;__tn__=*NK-R\">#AccionesQueTransforman<\/a><\/div>\n<div dir=\"auto\"><a class=\"oajrlxb2 g5ia77u1 qu0x051f esr5mh6w e9989ue4 r7d6kgcz rq0escxv nhd2j8a9 nc684nl6 p7hjln8o kvgmc6g5 cxmmr5t8 oygrvhab hcukyx3x jb3vyjys rz4wbd8a qt6c0cv9 a8nywdso i1ao9s8h esuyzwwr f1sip0of lzcic4wl gpro0wi8 q66pz984 b1v8xokw\" tabindex=\"0\" role=\"link\" href=\"https:\/\/www.facebook.com\/hashtag\/altaverapazsigueavanzando?__eep__=6&amp;__cft__[0]=AZXklqheKEplflTt7ykTosaIlB4ojCou8LHwl2NghaFG5SjWunjfVy9TTcdF8zP6k5XXT_RMFimqfnOKPKHLzKWOkI-NJZn5SBGmhpvYfnk2KVTjlNOzxVenLWcN4xkEqPbTXqXooSTf8DPC0peY5_Yo&amp;__tn__=*NK-R\">#altaverapazsigueavanzando<\/a><\/div>\n<\/div>\n<div dir=\"auto\"><\/div>\n<div dir=\"auto\"><\/div>\n<div dir=\"auto\">\n<div><\/div>\n<\/div>\n<p>&nbsp;<\/p>\n","protected":false},"excerpt":{"rendered":"<p>Para fortalecer las competencias y priorizar acciones institucionales del equipo de campo de la Secretar\u00eda de Seguridad Alimentaria y Nutricional-SESAN como representantes departamentales y municipales del ente coordinador y articulador de acciones en Seguridad Alimentaria y Nutricional (SAN) de Alta Verapaz, se llev\u00f3 a cabo el d\u00eda de hoy reuni\u00f3n de trabajo del equipo de [&hellip;]<\/p>\n","protected":false},"author":1,"featured_media":12135,"comment_status":"closed","ping_status":"open","sticky":false,"template":"","format":"gallery","meta":[],"categories":[194],"tags":[178],"_links":{"self":[{"href":"https:\/\/gobernacionaltaverapaz.gob.gt\/index.php?rest_route=\/wp\/v2\/posts\/12141"}],"collection":[{"href":"https:\/\/gobernacionaltaverapaz.gob.gt\/index.php?rest_route=\/wp\/v2\/posts"}],"about":[{"href":"https:\/\/gobernacionaltaverapaz.gob.gt\/index.php?rest_route=\/wp\/v2\/types\/post"}],"author":[{"embeddable":true,"href":"https:\/\/gobernacionaltaverapaz.gob.gt\/index.php?rest_route=\/wp\/v2\/users\/1"}],"replies":[{"embeddable":true,"href":"https:\/\/gobernacionaltaverapaz.gob.gt\/index.php?rest_route=%2Fwp%2Fv2%2Fcomments&post=12141"}],"version-history":[{"count":1,"href":"https:\/\/gobernacionaltaverapaz.gob.gt\/index.php?rest_route=\/wp\/v2\/posts\/12141\/revisions"}],"predecessor-version":[{"id":12142,"href":"https:\/\/gobernacionaltaverapaz.gob.gt\/index.php?rest_route=\/wp\/v2\/posts\/12141\/revisions\/12142"}],"wp:featuredmedia":[{"embeddable":true,"href":"https:\/\/gobernacionaltaverapaz.gob.gt\/index.php?rest_route=\/wp\/v2\/media\/12135"}],"wp:attachment":[{"href":"https:\/\/gobernacionaltaverapaz.gob.gt\/index.php?rest_route=%2Fwp%2Fv2%2Fmedia&parent=12141"}],"wp:term":[{"taxonomy":"category","embeddable":true,"href":"https:\/\/gobernacionaltaverapaz.gob.gt\/index.php?rest_route=%2Fwp%2Fv2%2Fcategories&post=12141"},{"taxonomy":"post_tag","embeddable":true,"href":"https:\/\/gobernacionaltaverapaz.gob.gt\/index.php?rest_route=%2Fwp%2Fv2%2Ftags&post=12141"}],"curies":[{"name":"wp","href":"https:\/\/api.w.org\/{rel}","templated":true}]}}