{"id":12154,"date":"2022-01-04T17:02:14","date_gmt":"2022-01-04T23:02:14","guid":{"rendered":"https:\/\/gobernacionaltaverapaz.gob.gt\/?p=12154"},"modified":"2022-01-05T16:13:46","modified_gmt":"2022-01-05T22:13:46","slug":"actualizacin-del-protocolo-departamental-por-incendios-forestales-para-alta-verapaz","status":"publish","type":"post","link":"https:\/\/gobernacionaltaverapaz.gob.gt\/?p=12154","title":{"rendered":"Actualizaci\u00f3n del Protocolo departamental por incendios forestales para Alta Verapaz"},"content":{"rendered":"<div class=\"\" dir=\"auto\">\n<div id=\"jsc_c_2h\" class=\"ecm0bbzt hv4rvrfc ihqw7lf3 dati1w0a\" data-ad-comet-preview=\"message\" data-ad-preview=\"message\">\n<div class=\"j83agx80 cbu4d94t ew0dbk1b irj2b8pg\">\n<div class=\"qzhwtbm6 knvmm38d\">\n<div class=\"kvgmc6g5 cxmmr5t8 oygrvhab hcukyx3x c1et5uql ii04i59q\">\n<div dir=\"auto\" style=\"text-align: justify;\">C\u00f3mo parte de las responsabilidades del Gobernador Departamental y Director de la Coordinadora Departamental para la Reducci\u00f3n de desastres CODRED y el Centro de Operaciones de Emergencia de Alta Verapaz, se encuentra la supervisi\u00f3n del cumplimiento de la elaboraci\u00f3n, actualizaci\u00f3n y socializaci\u00f3n de Planes, Protocolos y procedimientos de respuesta ante eventos que puedan generar emergencias o desastres.<\/div>\n<\/div>\n<div class=\"cxmmr5t8 oygrvhab hcukyx3x c1et5uql o9v6fnle ii04i59q\">\n<div dir=\"auto\" style=\"text-align: justify;\">Se procedi\u00f3 a la actualizaci\u00f3n del Protocolo departamental por incendios forestales para Alta Verapaz, ante el Consejo T\u00e9cnico departamental por incendios Forestales, el cual est\u00e1 integrado por GOBERNACION, MARN, INAB, CONAP, MAGA, SE-CONRED, MDN, que luego de conocer los pormenores, c\u00f3mo los procedimientos de manejo de incendios forestales, flujogramas de comunicaci\u00f3n, flujograma de activaci\u00f3n de brigadas locales, municipales y Departamental. De igual manera es el procedimiento que luego de la actualizaci\u00f3n del protocolo, sea presentado ante el Grupo de toma de decisiones del Centro de Operaciones de Emergencia de A.V. el que validara y pasar\u00e1 a firma del director del COE.<\/div>\n<div dir=\"auto\"><\/div>\n<\/div>\n<div class=\"cxmmr5t8 oygrvhab hcukyx3x c1et5uql o9v6fnle ii04i59q\">\n<div dir=\"auto\"><a class=\"oajrlxb2 g5ia77u1 qu0x051f esr5mh6w e9989ue4 r7d6kgcz rq0escxv nhd2j8a9 nc684nl6 p7hjln8o kvgmc6g5 cxmmr5t8 oygrvhab hcukyx3x jb3vyjys rz4wbd8a qt6c0cv9 a8nywdso i1ao9s8h esuyzwwr f1sip0of lzcic4wl gpro0wi8 q66pz984 b1v8xokw\" tabindex=\"0\" role=\"link\" href=\"https:\/\/www.facebook.com\/hashtag\/accionesquetransforman?__eep__=6&amp;__cft__[0]=AZWL4bT5863kKdf5iG4Xk23pe3pJsYfl4EYEV5csIErLm2r4cfdaPL7VVmkShfm2L6f5-NUYf68YuTJsGbLEA-woNdiE9aE5lp6pRjaiqlK5IiIc2suv7P_EV-Y2AY4y0UTdAKaupnNtKHg3NGhSstj6&amp;__tn__=*NK-R\">#AccionesQueTransforman<\/a><\/div>\n<div dir=\"auto\"><a class=\"oajrlxb2 g5ia77u1 qu0x051f esr5mh6w e9989ue4 r7d6kgcz rq0escxv nhd2j8a9 nc684nl6 p7hjln8o kvgmc6g5 cxmmr5t8 oygrvhab hcukyx3x jb3vyjys rz4wbd8a qt6c0cv9 a8nywdso i1ao9s8h esuyzwwr f1sip0of lzcic4wl gpro0wi8 q66pz984 b1v8xokw\" tabindex=\"0\" role=\"link\" href=\"https:\/\/www.facebook.com\/hashtag\/altaverapazsigueavanzando?__eep__=6&amp;__cft__[0]=AZWL4bT5863kKdf5iG4Xk23pe3pJsYfl4EYEV5csIErLm2r4cfdaPL7VVmkShfm2L6f5-NUYf68YuTJsGbLEA-woNdiE9aE5lp6pRjaiqlK5IiIc2suv7P_EV-Y2AY4y0UTdAKaupnNtKHg3NGhSstj6&amp;__tn__=*NK-R\">#altaverapazsigueavanzando<\/a><\/div>\n<div dir=\"auto\"><a class=\"oajrlxb2 g5ia77u1 qu0x051f esr5mh6w e9989ue4 r7d6kgcz rq0escxv nhd2j8a9 nc684nl6 p7hjln8o kvgmc6g5 cxmmr5t8 oygrvhab hcukyx3x jb3vyjys rz4wbd8a qt6c0cv9 a8nywdso i1ao9s8h esuyzwwr f1sip0of lzcic4wl gpro0wi8 q66pz984 b1v8xokw\" tabindex=\"0\" role=\"link\" href=\"https:\/\/www.facebook.com\/hashtag\/guatemalanosedetiene?__eep__=6&amp;__cft__[0]=AZWL4bT5863kKdf5iG4Xk23pe3pJsYfl4EYEV5csIErLm2r4cfdaPL7VVmkShfm2L6f5-NUYf68YuTJsGbLEA-woNdiE9aE5lp6pRjaiqlK5IiIc2suv7P_EV-Y2AY4y0UTdAKaupnNtKHg3NGhSstj6&amp;__tn__=*NK-R\">#GuatemalaNoSeDetiene<\/a><\/div>\n<\/div>\n<\/div>\n<\/div>\n<\/div>\n<\/div>\n<div dir=\"auto\"><\/div>\n<div dir=\"auto\"><\/div>\n<div dir=\"auto\">\n<div><\/div>\n<\/div>\n","protected":false},"excerpt":{"rendered":"<p>C\u00f3mo parte de las responsabilidades del Gobernador Departamental y Director de la Coordinadora Departamental para la Reducci\u00f3n de desastres CODRED y el Centro de Operaciones de Emergencia de Alta Verapaz, se encuentra la supervisi\u00f3n del cumplimiento de la elaboraci\u00f3n, actualizaci\u00f3n y socializaci\u00f3n de Planes, Protocolos y procedimientos de respuesta ante eventos que puedan generar emergencias [&hellip;]<\/p>\n","protected":false},"author":1,"featured_media":12149,"comment_status":"closed","ping_status":"open","sticky":false,"template":"","format":"gallery","meta":[],"categories":[194],"tags":[178],"_links":{"self":[{"href":"https:\/\/gobernacionaltaverapaz.gob.gt\/index.php?rest_route=\/wp\/v2\/posts\/12154"}],"collection":[{"href":"https:\/\/gobernacionaltaverapaz.gob.gt\/index.php?rest_route=\/wp\/v2\/posts"}],"about":[{"href":"https:\/\/gobernacionaltaverapaz.gob.gt\/index.php?rest_route=\/wp\/v2\/types\/post"}],"author":[{"embeddable":true,"href":"https:\/\/gobernacionaltaverapaz.gob.gt\/index.php?rest_route=\/wp\/v2\/users\/1"}],"replies":[{"embeddable":true,"href":"https:\/\/gobernacionaltaverapaz.gob.gt\/index.php?rest_route=%2Fwp%2Fv2%2Fcomments&post=12154"}],"version-history":[{"count":3,"href":"https:\/\/gobernacionaltaverapaz.gob.gt\/index.php?rest_route=\/wp\/v2\/posts\/12154\/revisions"}],"predecessor-version":[{"id":12157,"href":"https:\/\/gobernacionaltaverapaz.gob.gt\/index.php?rest_route=\/wp\/v2\/posts\/12154\/revisions\/12157"}],"wp:featuredmedia":[{"embeddable":true,"href":"https:\/\/gobernacionaltaverapaz.gob.gt\/index.php?rest_route=\/wp\/v2\/media\/12149"}],"wp:attachment":[{"href":"https:\/\/gobernacionaltaverapaz.gob.gt\/index.php?rest_route=%2Fwp%2Fv2%2Fmedia&parent=12154"}],"wp:term":[{"taxonomy":"category","embeddable":true,"href":"https:\/\/gobernacionaltaverapaz.gob.gt\/index.php?rest_route=%2Fwp%2Fv2%2Fcategories&post=12154"},{"taxonomy":"post_tag","embeddable":true,"href":"https:\/\/gobernacionaltaverapaz.gob.gt\/index.php?rest_route=%2Fwp%2Fv2%2Ftags&post=12154"}],"curies":[{"name":"wp","href":"https:\/\/api.w.org\/{rel}","templated":true}]}}