{"id":12178,"date":"2022-01-07T20:26:55","date_gmt":"2022-01-08T02:26:55","guid":{"rendered":"https:\/\/gobernacionaltaverapaz.gob.gt\/?p=12178"},"modified":"2022-01-10T12:15:55","modified_gmt":"2022-01-10T18:15:55","slug":"fortalecimiento-del-plan-estratgico-institucional-del-ministerio-de-gobernacin-en-el-departamento-de-alta-verapaz","status":"publish","type":"post","link":"https:\/\/gobernacionaltaverapaz.gob.gt\/?p=12178","title":{"rendered":"Fortalecimiento del plan estrat\u00e9gico Institucional del Ministerio de Gobernaci\u00f3n"},"content":{"rendered":"<div class=\"cxmmr5t8 oygrvhab hcukyx3x c1et5uql o9v6fnle ii04i59q\">\n<div dir=\"auto\" style=\"text-align: justify;\">El se\u00f1or gobernador departamental, Romel Manuel Veliz, presidio reuni\u00f3n de trabajo con jefes de estaciones y subestaciones de la comisar\u00eda 51, donde se presento al Comisario Oscar Fernando Tzapinel Joj, nuevo jefe de la comisar\u00eda 51 de Alta Verapaz.<\/div>\n<\/div>\n<div class=\"cxmmr5t8 oygrvhab hcukyx3x c1et5uql o9v6fnle ii04i59q\" style=\"text-align: justify;\">\n<div dir=\"auto\">El objetivo de la reuni\u00f3n es trabajar de manera conjunta e implementar acciones para fortalecer la organizaci\u00f3n comunitaria y la prevenci\u00f3n de la violencia y el delito.<\/div>\n<\/div>\n<div class=\"cxmmr5t8 oygrvhab hcukyx3x c1et5uql o9v6fnle ii04i59q\" style=\"text-align: justify;\">\n<div dir=\"auto\">El acercamiento de los trabajos que se realizan en conjunto con los elementos de polic\u00eda ayuda a fortalecer los procesos de coordinaci\u00f3n y fortalecimiento interinstitucional con el fin de garantizar la seguridad de las personas y de sus bienes.<\/div>\n<\/div>\n<div class=\"cxmmr5t8 oygrvhab hcukyx3x c1et5uql o9v6fnle ii04i59q\" style=\"text-align: justify;\">\n<div dir=\"auto\">En la reuni\u00f3n el se\u00f1or gobernador resalt\u00f3 que el presidente <a class=\"oajrlxb2 g5ia77u1 qu0x051f esr5mh6w e9989ue4 r7d6kgcz rq0escxv nhd2j8a9 nc684nl6 p7hjln8o kvgmc6g5 cxmmr5t8 oygrvhab hcukyx3x jb3vyjys rz4wbd8a qt6c0cv9 a8nywdso i1ao9s8h esuyzwwr f1sip0of lzcic4wl gpro0wi8 q66pz984 b1v8xokw\" tabindex=\"0\" role=\"link\" href=\"https:\/\/www.facebook.com\/AlejandroGiammattei\/?__cft__[0]=AZV6xywugyA6-MnnVfaLJDqHPWKG5JVY9XRCgojpxco7mpGscLdPm6RHSZ0heobYVJQ9zCpRWwpxQaZaJdwhf0h--wnerOqJ68Ozby20zSbNNHNO1-ZqesVvbFNbSyfThPgfO8N0HWMeIZ8RMCn_3Lpq&amp;__tn__=kK-R\"><span class=\"nc684nl6\">Alejandro Giammattei<\/span><\/a> a girado instrucciones fuertes y claras en fortalecer la institucionalidad del Departamento.<\/div>\n<\/div>\n<div class=\"cxmmr5t8 oygrvhab hcukyx3x c1et5uql o9v6fnle ii04i59q\">\n<div dir=\"auto\" style=\"text-align: justify;\">Gracias a la donaci\u00f3n por parte del Equipo de Asuntos Civiles de la <a class=\"oajrlxb2 g5ia77u1 qu0x051f esr5mh6w e9989ue4 r7d6kgcz rq0escxv nhd2j8a9 nc684nl6 p7hjln8o kvgmc6g5 cxmmr5t8 oygrvhab hcukyx3x jb3vyjys rz4wbd8a qt6c0cv9 a8nywdso i1ao9s8h esuyzwwr f1sip0of lzcic4wl gpro0wi8 q66pz984 b1v8xokw\" tabindex=\"0\" role=\"link\" href=\"https:\/\/www.facebook.com\/Embajada.EEUU.Guatemala\/?__cft__[0]=AZV6xywugyA6-MnnVfaLJDqHPWKG5JVY9XRCgojpxco7mpGscLdPm6RHSZ0heobYVJQ9zCpRWwpxQaZaJdwhf0h--wnerOqJ68Ozby20zSbNNHNO1-ZqesVvbFNbSyfThPgfO8N0HWMeIZ8RMCn_3Lpq&amp;__tn__=kK-R\"><span class=\"nc684nl6\">US Embassy Guatemala<\/span><\/a>, se le hizo entrega de un kit de higiene a cada mando presente.<\/div>\n<\/div>\n<div class=\"cxmmr5t8 oygrvhab hcukyx3x c1et5uql o9v6fnle ii04i59q\">\n<div dir=\"auto\"><a class=\"oajrlxb2 g5ia77u1 qu0x051f esr5mh6w e9989ue4 r7d6kgcz rq0escxv nhd2j8a9 nc684nl6 p7hjln8o kvgmc6g5 cxmmr5t8 oygrvhab hcukyx3x jb3vyjys rz4wbd8a qt6c0cv9 a8nywdso i1ao9s8h esuyzwwr f1sip0of lzcic4wl gpro0wi8 q66pz984 b1v8xokw\" tabindex=\"0\" role=\"link\" href=\"https:\/\/www.facebook.com\/hashtag\/accionesquetransforman?__eep__=6&amp;__cft__[0]=AZV6xywugyA6-MnnVfaLJDqHPWKG5JVY9XRCgojpxco7mpGscLdPm6RHSZ0heobYVJQ9zCpRWwpxQaZaJdwhf0h--wnerOqJ68Ozby20zSbNNHNO1-ZqesVvbFNbSyfThPgfO8N0HWMeIZ8RMCn_3Lpq&amp;__tn__=*NK-R\">#AccionesQueTransforman<\/a><\/div>\n<div dir=\"auto\"><a class=\"oajrlxb2 g5ia77u1 qu0x051f esr5mh6w e9989ue4 r7d6kgcz rq0escxv nhd2j8a9 nc684nl6 p7hjln8o kvgmc6g5 cxmmr5t8 oygrvhab hcukyx3x jb3vyjys rz4wbd8a qt6c0cv9 a8nywdso i1ao9s8h esuyzwwr f1sip0of lzcic4wl gpro0wi8 q66pz984 b1v8xokw\" tabindex=\"0\" role=\"link\" href=\"https:\/\/www.facebook.com\/hashtag\/guatemalanosedetiene?__eep__=6&amp;__cft__[0]=AZV6xywugyA6-MnnVfaLJDqHPWKG5JVY9XRCgojpxco7mpGscLdPm6RHSZ0heobYVJQ9zCpRWwpxQaZaJdwhf0h--wnerOqJ68Ozby20zSbNNHNO1-ZqesVvbFNbSyfThPgfO8N0HWMeIZ8RMCn_3Lpq&amp;__tn__=*NK-R\">#GuatemalaNoSeDetiene<\/a><\/div>\n<div dir=\"auto\"><a class=\"oajrlxb2 g5ia77u1 qu0x051f esr5mh6w e9989ue4 r7d6kgcz rq0escxv nhd2j8a9 nc684nl6 p7hjln8o kvgmc6g5 cxmmr5t8 oygrvhab hcukyx3x jb3vyjys rz4wbd8a qt6c0cv9 a8nywdso i1ao9s8h esuyzwwr f1sip0of lzcic4wl gpro0wi8 q66pz984 b1v8xokw\" tabindex=\"0\" role=\"link\" href=\"https:\/\/www.facebook.com\/hashtag\/altaverapazsigueavanzando?__eep__=6&amp;__cft__[0]=AZV6xywugyA6-MnnVfaLJDqHPWKG5JVY9XRCgojpxco7mpGscLdPm6RHSZ0heobYVJQ9zCpRWwpxQaZaJdwhf0h--wnerOqJ68Ozby20zSbNNHNO1-ZqesVvbFNbSyfThPgfO8N0HWMeIZ8RMCn_3Lpq&amp;__tn__=*NK-R\">#altaverapazsigueavanzando<\/a><\/div>\n<\/div>\n<div dir=\"auto\"><\/div>\n<div dir=\"auto\"><\/div>\n<div dir=\"auto\"><\/div>\n<div dir=\"auto\"><\/div>\n<div dir=\"auto\">\n<div><\/div>\n<\/div>\n<div dir=\"auto\"><\/div>\n<p>&nbsp;<\/p>\n","protected":false},"excerpt":{"rendered":"<p>El se\u00f1or gobernador departamental, Romel Manuel Veliz, presidio reuni\u00f3n de trabajo con jefes de estaciones y subestaciones de la comisar\u00eda 51, donde se presento al Comisario Oscar Fernando Tzapinel Joj, nuevo jefe de la comisar\u00eda 51 de Alta Verapaz. El objetivo de la reuni\u00f3n es trabajar de manera conjunta e implementar acciones para fortalecer la [&hellip;]<\/p>\n","protected":false},"author":1,"featured_media":12170,"comment_status":"closed","ping_status":"open","sticky":false,"template":"","format":"gallery","meta":[],"categories":[194],"tags":[178],"_links":{"self":[{"href":"https:\/\/gobernacionaltaverapaz.gob.gt\/index.php?rest_route=\/wp\/v2\/posts\/12178"}],"collection":[{"href":"https:\/\/gobernacionaltaverapaz.gob.gt\/index.php?rest_route=\/wp\/v2\/posts"}],"about":[{"href":"https:\/\/gobernacionaltaverapaz.gob.gt\/index.php?rest_route=\/wp\/v2\/types\/post"}],"author":[{"embeddable":true,"href":"https:\/\/gobernacionaltaverapaz.gob.gt\/index.php?rest_route=\/wp\/v2\/users\/1"}],"replies":[{"embeddable":true,"href":"https:\/\/gobernacionaltaverapaz.gob.gt\/index.php?rest_route=%2Fwp%2Fv2%2Fcomments&post=12178"}],"version-history":[{"count":2,"href":"https:\/\/gobernacionaltaverapaz.gob.gt\/index.php?rest_route=\/wp\/v2\/posts\/12178\/revisions"}],"predecessor-version":[{"id":12180,"href":"https:\/\/gobernacionaltaverapaz.gob.gt\/index.php?rest_route=\/wp\/v2\/posts\/12178\/revisions\/12180"}],"wp:featuredmedia":[{"embeddable":true,"href":"https:\/\/gobernacionaltaverapaz.gob.gt\/index.php?rest_route=\/wp\/v2\/media\/12170"}],"wp:attachment":[{"href":"https:\/\/gobernacionaltaverapaz.gob.gt\/index.php?rest_route=%2Fwp%2Fv2%2Fmedia&parent=12178"}],"wp:term":[{"taxonomy":"category","embeddable":true,"href":"https:\/\/gobernacionaltaverapaz.gob.gt\/index.php?rest_route=%2Fwp%2Fv2%2Fcategories&post=12178"},{"taxonomy":"post_tag","embeddable":true,"href":"https:\/\/gobernacionaltaverapaz.gob.gt\/index.php?rest_route=%2Fwp%2Fv2%2Ftags&post=12178"}],"curies":[{"name":"wp","href":"https:\/\/api.w.org\/{rel}","templated":true}]}}