{"id":12186,"date":"2022-01-13T17:27:49","date_gmt":"2022-01-13T23:27:49","guid":{"rendered":"https:\/\/gobernacionaltaverapaz.gob.gt\/?p=12186"},"modified":"2022-01-14T11:03:34","modified_gmt":"2022-01-14T17:03:34","slug":"reunin-de-la-codred","status":"publish","type":"post","link":"https:\/\/gobernacionaltaverapaz.gob.gt\/?p=12186","title":{"rendered":"Reuni\u00f3n de la -CODRED"},"content":{"rendered":"<div class=\"cxmmr5t8 oygrvhab hcukyx3x c1et5uql o9v6fnle ii04i59q\">\n<div dir=\"auto\" style=\"text-align: justify;\">El d\u00eda de hoy, se llev\u00f3 Acabo, reuni\u00f3n del Grupo de Toma de decisiones, de la Coordinadora Departamental para la Reducci\u00f3n de desastres -CODRED- de Alta Verapaz, dirigida por el se\u00f1or gobernador departamental, Romel Manuel V\u00e9liz Castro,en su calidad de presidente de esta coordinadora, en la que el tema principal fue iniciar un proceso de revisi\u00f3n y comprobaci\u00f3n de integrantes y las funciones de la -CODRED-, realizando propuestas de modificaci\u00f3n de acuerdo a funcionalidad en el Departamento, partiendo de lo que establece la Ley 109-96 de la CONRED, el Manual de Organizaci\u00f3n Nacional, Plan Nacional de Respuesta, y la experiencia en situaciones de Emergencia, que han experimentado los Integrantes del grupo de Toma de decisiones.<\/div>\n<\/div>\n<div class=\"cxmmr5t8 oygrvhab hcukyx3x c1et5uql o9v6fnle ii04i59q\">\n<div dir=\"auto\"><a class=\"oajrlxb2 g5ia77u1 qu0x051f esr5mh6w e9989ue4 r7d6kgcz rq0escxv nhd2j8a9 nc684nl6 p7hjln8o kvgmc6g5 cxmmr5t8 oygrvhab hcukyx3x jb3vyjys rz4wbd8a qt6c0cv9 a8nywdso i1ao9s8h esuyzwwr f1sip0of lzcic4wl gpro0wi8 q66pz984 b1v8xokw\" tabindex=\"0\" role=\"link\" href=\"https:\/\/www.facebook.com\/hashtag\/guatemalanosedetiene?__eep__=6&amp;__cft__[0]=AZU6W6G8q3g7xxC5Hq5tsB4VaiSnDt9WymkM1fEcs9UE91ZzsCUf0TlmauS5koEVJPPCxBpPzvssp36FHR9T6jy4xCfx91e0ws7aDOy6E0ES17bNxbnPUBHZ8i0ISB2h3gpKtsobgi_pHQqb55RjLM_-&amp;__tn__=*NK-R\">#GuatemalaNoSeDetiene<\/a><\/div>\n<div dir=\"auto\"><a class=\"oajrlxb2 g5ia77u1 qu0x051f esr5mh6w e9989ue4 r7d6kgcz rq0escxv nhd2j8a9 nc684nl6 p7hjln8o kvgmc6g5 cxmmr5t8 oygrvhab hcukyx3x jb3vyjys rz4wbd8a qt6c0cv9 a8nywdso i1ao9s8h esuyzwwr f1sip0of lzcic4wl gpro0wi8 q66pz984 b1v8xokw\" tabindex=\"0\" role=\"link\" href=\"https:\/\/www.facebook.com\/hashtag\/accionesquetransforman?__eep__=6&amp;__cft__[0]=AZU6W6G8q3g7xxC5Hq5tsB4VaiSnDt9WymkM1fEcs9UE91ZzsCUf0TlmauS5koEVJPPCxBpPzvssp36FHR9T6jy4xCfx91e0ws7aDOy6E0ES17bNxbnPUBHZ8i0ISB2h3gpKtsobgi_pHQqb55RjLM_-&amp;__tn__=*NK-R\">#AccionesQueTransforman<\/a><\/div>\n<div dir=\"auto\"><a class=\"oajrlxb2 g5ia77u1 qu0x051f esr5mh6w e9989ue4 r7d6kgcz rq0escxv nhd2j8a9 nc684nl6 p7hjln8o kvgmc6g5 cxmmr5t8 oygrvhab hcukyx3x jb3vyjys rz4wbd8a qt6c0cv9 a8nywdso i1ao9s8h esuyzwwr f1sip0of lzcic4wl gpro0wi8 q66pz984 b1v8xokw\" tabindex=\"0\" role=\"link\" href=\"https:\/\/www.facebook.com\/hashtag\/altaverapazsigueavanzando?__eep__=6&amp;__cft__[0]=AZU6W6G8q3g7xxC5Hq5tsB4VaiSnDt9WymkM1fEcs9UE91ZzsCUf0TlmauS5koEVJPPCxBpPzvssp36FHR9T6jy4xCfx91e0ws7aDOy6E0ES17bNxbnPUBHZ8i0ISB2h3gpKtsobgi_pHQqb55RjLM_-&amp;__tn__=*NK-R\">#altaverapazsigueavanzando<\/a><\/div>\n<\/div>\n<div dir=\"auto\"><\/div>\n<div dir=\"auto\"><\/div>\n<div dir=\"auto\"><\/div>\n<div dir=\"auto\">\n<div><\/div>\n<\/div>\n<p>&nbsp;<\/p>\n","protected":false},"excerpt":{"rendered":"<p>El d\u00eda de hoy, se llev\u00f3 Acabo, reuni\u00f3n del Grupo de Toma de decisiones, de la Coordinadora Departamental para la Reducci\u00f3n de desastres -CODRED- de Alta Verapaz, dirigida por el se\u00f1or gobernador departamental, Romel Manuel V\u00e9liz Castro,en su calidad de presidente de esta coordinadora, en la que el tema principal fue iniciar un proceso de [&hellip;]<\/p>\n","protected":false},"author":1,"featured_media":12183,"comment_status":"closed","ping_status":"open","sticky":false,"template":"","format":"standard","meta":[],"categories":[1],"tags":[178],"_links":{"self":[{"href":"https:\/\/gobernacionaltaverapaz.gob.gt\/index.php?rest_route=\/wp\/v2\/posts\/12186"}],"collection":[{"href":"https:\/\/gobernacionaltaverapaz.gob.gt\/index.php?rest_route=\/wp\/v2\/posts"}],"about":[{"href":"https:\/\/gobernacionaltaverapaz.gob.gt\/index.php?rest_route=\/wp\/v2\/types\/post"}],"author":[{"embeddable":true,"href":"https:\/\/gobernacionaltaverapaz.gob.gt\/index.php?rest_route=\/wp\/v2\/users\/1"}],"replies":[{"embeddable":true,"href":"https:\/\/gobernacionaltaverapaz.gob.gt\/index.php?rest_route=%2Fwp%2Fv2%2Fcomments&post=12186"}],"version-history":[{"count":1,"href":"https:\/\/gobernacionaltaverapaz.gob.gt\/index.php?rest_route=\/wp\/v2\/posts\/12186\/revisions"}],"predecessor-version":[{"id":12187,"href":"https:\/\/gobernacionaltaverapaz.gob.gt\/index.php?rest_route=\/wp\/v2\/posts\/12186\/revisions\/12187"}],"wp:featuredmedia":[{"embeddable":true,"href":"https:\/\/gobernacionaltaverapaz.gob.gt\/index.php?rest_route=\/wp\/v2\/media\/12183"}],"wp:attachment":[{"href":"https:\/\/gobernacionaltaverapaz.gob.gt\/index.php?rest_route=%2Fwp%2Fv2%2Fmedia&parent=12186"}],"wp:term":[{"taxonomy":"category","embeddable":true,"href":"https:\/\/gobernacionaltaverapaz.gob.gt\/index.php?rest_route=%2Fwp%2Fv2%2Fcategories&post=12186"},{"taxonomy":"post_tag","embeddable":true,"href":"https:\/\/gobernacionaltaverapaz.gob.gt\/index.php?rest_route=%2Fwp%2Fv2%2Ftags&post=12186"}],"curies":[{"name":"wp","href":"https:\/\/api.w.org\/{rel}","templated":true}]}}