{"id":12192,"date":"2022-01-13T17:23:33","date_gmt":"2022-01-13T23:23:33","guid":{"rendered":"https:\/\/gobernacionaltaverapaz.gob.gt\/?p=12192"},"modified":"2022-01-14T10:01:44","modified_gmt":"2022-01-14T16:01:44","slug":"reunin-de-trabajo-con-el-coronel-de-infantera-dem","status":"publish","type":"post","link":"https:\/\/gobernacionaltaverapaz.gob.gt\/?p=12192","title":{"rendered":"Reuni\u00f3n de trabajo con el Coronel de Infanter\u00eda DEM"},"content":{"rendered":"<div class=\"\" dir=\"auto\">\n<div id=\"jsc_c_bg\" class=\"ecm0bbzt hv4rvrfc ihqw7lf3 dati1w0a\" data-ad-comet-preview=\"message\" data-ad-preview=\"message\">\n<div class=\"j83agx80 cbu4d94t ew0dbk1b irj2b8pg\">\n<div class=\"qzhwtbm6 knvmm38d\">\n<div class=\"kvgmc6g5 cxmmr5t8 oygrvhab hcukyx3x c1et5uql ii04i59q\">\n<div dir=\"auto\" style=\"text-align: justify;\"><a class=\"oajrlxb2 g5ia77u1 qu0x051f esr5mh6w e9989ue4 r7d6kgcz rq0escxv nhd2j8a9 nc684nl6 p7hjln8o kvgmc6g5 cxmmr5t8 oygrvhab hcukyx3x jb3vyjys rz4wbd8a qt6c0cv9 a8nywdso i1ao9s8h esuyzwwr f1sip0of lzcic4wl gpro0wi8 q66pz984 b1v8xokw\" tabindex=\"0\" role=\"link\" href=\"https:\/\/www.facebook.com\/hashtag\/coban?__eep__=6&amp;__cft__[0]=AZWZq1nwhMIeMwfuxO7v-6wpOhQ7xe24ETlUYvxARSsYDF0OcNWO6Y1jMEOkZwJoipDQRjjlAb6OsEn-8fbMjqyfzcTo_vMaPHyyUWaMN2utCiOn0IDefjtWLOTR3_ffHfi8-GreU_Pi6o8LAe8xJCOx&amp;__tn__=*NK-R\">#COBAN<\/a> \/\/ PRESENTACION DE NUEVO COMANDANTE DE RESERVAS MILITARES DE ALTA VERAPAZ Y COORDINACI\u00d3N DE JORNADAS DE VACUNACI\u00d3N.<\/div>\n<div dir=\"auto\"><\/div>\n<\/div>\n<div class=\"cxmmr5t8 oygrvhab hcukyx3x c1et5uql o9v6fnle ii04i59q\" style=\"text-align: justify;\">\n<div dir=\"auto\">El se\u00f1or gobernador departamental, Romel Manuel Veliz Castro, presidio reuni\u00f3n de trabajo con el Coronel de Infanter\u00eda DEM. Williams Giovanni Xicar\u00e1 Esquivel, quien toma la Comandancia de Reservas Militares de Alta Verapaz.<\/div>\n<\/div>\n<div class=\"cxmmr5t8 oygrvhab hcukyx3x c1et5uql o9v6fnle ii04i59q\" style=\"text-align: justify;\">\n<div dir=\"auto\">En la reuni\u00f3n se abordo el importante apoyo que las reservas del departamento han aportado en las diferentes actividades de ayuda humanitaria en las pasadas tormentas ETA e IOTA, como en la concientizaci\u00f3n a la poblaci\u00f3n para que se vacune contra el Covid-19.<\/div>\n<\/div>\n<div class=\"cxmmr5t8 oygrvhab hcukyx3x c1et5uql o9v6fnle ii04i59q\">\n<div dir=\"auto\" style=\"text-align: justify;\">El Coronel de infanter\u00eda DEM. Xicar\u00e1 resalto que reforzara el apoyo en las jornadas de vacunaci\u00f3n de los diferentes puestos ubicados en el departamento, de la misma manera en la reuni\u00f3n estuvo presente el Coronel de Material de Guerra DEM. Isaac Jos\u00e9 Chuc Caxaj, Oficial de Relaciones Civiles y Militares de la 6ta. B. I. quien resalto que la Brigada del <a class=\"oajrlxb2 g5ia77u1 qu0x051f esr5mh6w e9989ue4 r7d6kgcz rq0escxv nhd2j8a9 nc684nl6 p7hjln8o kvgmc6g5 cxmmr5t8 oygrvhab hcukyx3x jb3vyjys rz4wbd8a qt6c0cv9 a8nywdso i1ao9s8h esuyzwwr f1sip0of lzcic4wl gpro0wi8 q66pz984 b1v8xokw\" tabindex=\"0\" role=\"link\" href=\"https:\/\/www.facebook.com\/hashtag\/ej%C3%A9rcitogt?__eep__=6&amp;__cft__[0]=AZWZq1nwhMIeMwfuxO7v-6wpOhQ7xe24ETlUYvxARSsYDF0OcNWO6Y1jMEOkZwJoipDQRjjlAb6OsEn-8fbMjqyfzcTo_vMaPHyyUWaMN2utCiOn0IDefjtWLOTR3_ffHfi8-GreU_Pi6o8LAe8xJCOx&amp;__tn__=*NK-R\">#Ej\u00e9rcitoGT<\/a> | <a class=\"oajrlxb2 g5ia77u1 qu0x051f esr5mh6w e9989ue4 r7d6kgcz rq0escxv nhd2j8a9 nc684nl6 p7hjln8o kvgmc6g5 cxmmr5t8 oygrvhab hcukyx3x jb3vyjys rz4wbd8a qt6c0cv9 a8nywdso i1ao9s8h esuyzwwr f1sip0of lzcic4wl gpro0wi8 q66pz984 b1v8xokw\" tabindex=\"0\" role=\"link\" href=\"https:\/\/www.facebook.com\/hashtag\/mindef?__eep__=6&amp;__cft__[0]=AZWZq1nwhMIeMwfuxO7v-6wpOhQ7xe24ETlUYvxARSsYDF0OcNWO6Y1jMEOkZwJoipDQRjjlAb6OsEn-8fbMjqyfzcTo_vMaPHyyUWaMN2utCiOn0IDefjtWLOTR3_ffHfi8-GreU_Pi6o8LAe8xJCOx&amp;__tn__=*NK-R\">#MINDEF<\/a> en conjunto con el Distrito Playa Grande del Area De Salud de Ixc\u00e1n recorren las comunidades sin importar las condiciones clim\u00e1ticas y distancias hacia las comunidades jornadas de vacunaci\u00f3n y consientizaci\u00f3n contra el Covid-19<\/div>\n<\/div>\n<div class=\"cxmmr5t8 oygrvhab hcukyx3x c1et5uql o9v6fnle ii04i59q\">\n<div dir=\"auto\"><a class=\"oajrlxb2 g5ia77u1 qu0x051f esr5mh6w e9989ue4 r7d6kgcz rq0escxv nhd2j8a9 nc684nl6 p7hjln8o kvgmc6g5 cxmmr5t8 oygrvhab hcukyx3x jb3vyjys rz4wbd8a qt6c0cv9 a8nywdso i1ao9s8h esuyzwwr f1sip0of lzcic4wl gpro0wi8 q66pz984 b1v8xokw\" tabindex=\"0\" role=\"link\" href=\"https:\/\/www.facebook.com\/ReservistaVerapacense\/?__cft__[0]=AZWZq1nwhMIeMwfuxO7v-6wpOhQ7xe24ETlUYvxARSsYDF0OcNWO6Y1jMEOkZwJoipDQRjjlAb6OsEn-8fbMjqyfzcTo_vMaPHyyUWaMN2utCiOn0IDefjtWLOTR3_ffHfi8-GreU_Pi6o8LAe8xJCOx&amp;__tn__=kK-R\"><span class=\"nc684nl6\">Reservas Militares del departamento de Alta Verapaz<\/span><\/a><\/div>\n<div dir=\"auto\">Sexta Brigada de Infanter\u00eda &#8220;Coronel Antonio Jos\u00e9 de Irisarri&#8221;<\/div>\n<div dir=\"auto\"><a class=\"oajrlxb2 g5ia77u1 qu0x051f esr5mh6w e9989ue4 r7d6kgcz rq0escxv nhd2j8a9 nc684nl6 p7hjln8o kvgmc6g5 cxmmr5t8 oygrvhab hcukyx3x jb3vyjys rz4wbd8a qt6c0cv9 a8nywdso i1ao9s8h esuyzwwr f1sip0of lzcic4wl gpro0wi8 q66pz984 b1v8xokw\" tabindex=\"0\" role=\"link\" href=\"https:\/\/www.facebook.com\/hashtag\/accionesquetransforman?__eep__=6&amp;__cft__[0]=AZWZq1nwhMIeMwfuxO7v-6wpOhQ7xe24ETlUYvxARSsYDF0OcNWO6Y1jMEOkZwJoipDQRjjlAb6OsEn-8fbMjqyfzcTo_vMaPHyyUWaMN2utCiOn0IDefjtWLOTR3_ffHfi8-GreU_Pi6o8LAe8xJCOx&amp;__tn__=*NK-R\">#AccionesQueTransforman<\/a><\/div>\n<div dir=\"auto\"><a class=\"oajrlxb2 g5ia77u1 qu0x051f esr5mh6w e9989ue4 r7d6kgcz rq0escxv nhd2j8a9 nc684nl6 p7hjln8o kvgmc6g5 cxmmr5t8 oygrvhab hcukyx3x jb3vyjys rz4wbd8a qt6c0cv9 a8nywdso i1ao9s8h esuyzwwr f1sip0of lzcic4wl gpro0wi8 q66pz984 b1v8xokw\" tabindex=\"0\" role=\"link\" href=\"https:\/\/www.facebook.com\/hashtag\/guatemalanosedetiene?__eep__=6&amp;__cft__[0]=AZWZq1nwhMIeMwfuxO7v-6wpOhQ7xe24ETlUYvxARSsYDF0OcNWO6Y1jMEOkZwJoipDQRjjlAb6OsEn-8fbMjqyfzcTo_vMaPHyyUWaMN2utCiOn0IDefjtWLOTR3_ffHfi8-GreU_Pi6o8LAe8xJCOx&amp;__tn__=*NK-R\">#GuatemalaNoSeDetiene<\/a><\/div>\n<div dir=\"auto\"><a class=\"oajrlxb2 g5ia77u1 qu0x051f esr5mh6w e9989ue4 r7d6kgcz rq0escxv nhd2j8a9 nc684nl6 p7hjln8o kvgmc6g5 cxmmr5t8 oygrvhab hcukyx3x jb3vyjys rz4wbd8a qt6c0cv9 a8nywdso i1ao9s8h esuyzwwr f1sip0of lzcic4wl gpro0wi8 q66pz984 b1v8xokw\" tabindex=\"0\" role=\"link\" href=\"https:\/\/www.facebook.com\/hashtag\/365d%C3%ADasalserviciodemipatria?__eep__=6&amp;__cft__[0]=AZWZq1nwhMIeMwfuxO7v-6wpOhQ7xe24ETlUYvxARSsYDF0OcNWO6Y1jMEOkZwJoipDQRjjlAb6OsEn-8fbMjqyfzcTo_vMaPHyyUWaMN2utCiOn0IDefjtWLOTR3_ffHfi8-GreU_Pi6o8LAe8xJCOx&amp;__tn__=*NK-R\">#365D\u00edasAlServicioDeMiPatria<\/a><\/div>\n<div dir=\"auto\"><a class=\"oajrlxb2 g5ia77u1 qu0x051f esr5mh6w e9989ue4 r7d6kgcz rq0escxv nhd2j8a9 nc684nl6 p7hjln8o kvgmc6g5 cxmmr5t8 oygrvhab hcukyx3x jb3vyjys rz4wbd8a qt6c0cv9 a8nywdso i1ao9s8h esuyzwwr f1sip0of lzcic4wl gpro0wi8 q66pz984 b1v8xokw\" tabindex=\"0\" role=\"link\" href=\"https:\/\/www.facebook.com\/hashtag\/altaverapazsigueavanzando?__eep__=6&amp;__cft__[0]=AZWZq1nwhMIeMwfuxO7v-6wpOhQ7xe24ETlUYvxARSsYDF0OcNWO6Y1jMEOkZwJoipDQRjjlAb6OsEn-8fbMjqyfzcTo_vMaPHyyUWaMN2utCiOn0IDefjtWLOTR3_ffHfi8-GreU_Pi6o8LAe8xJCOx&amp;__tn__=*NK-R\">#altaverapazsigueavanzando<\/a><\/div>\n<\/div>\n<\/div>\n<\/div>\n<\/div>\n<\/div>\n<div dir=\"auto\"><\/div>\n<div dir=\"auto\"><\/div>\n<div dir=\"auto\">\n<div><\/div>\n<\/div>\n","protected":false},"excerpt":{"rendered":"<p>#COBAN \/\/ PRESENTACION DE NUEVO COMANDANTE DE RESERVAS MILITARES DE ALTA VERAPAZ Y COORDINACI\u00d3N DE JORNADAS DE VACUNACI\u00d3N. El se\u00f1or gobernador departamental, Romel Manuel Veliz Castro, presidio reuni\u00f3n de trabajo con el Coronel de Infanter\u00eda DEM. Williams Giovanni Xicar\u00e1 Esquivel, quien toma la Comandancia de Reservas Militares de Alta Verapaz. En la reuni\u00f3n se abordo [&hellip;]<\/p>\n","protected":false},"author":1,"featured_media":12188,"comment_status":"closed","ping_status":"open","sticky":false,"template":"","format":"gallery","meta":[],"categories":[194],"tags":[178],"_links":{"self":[{"href":"https:\/\/gobernacionaltaverapaz.gob.gt\/index.php?rest_route=\/wp\/v2\/posts\/12192"}],"collection":[{"href":"https:\/\/gobernacionaltaverapaz.gob.gt\/index.php?rest_route=\/wp\/v2\/posts"}],"about":[{"href":"https:\/\/gobernacionaltaverapaz.gob.gt\/index.php?rest_route=\/wp\/v2\/types\/post"}],"author":[{"embeddable":true,"href":"https:\/\/gobernacionaltaverapaz.gob.gt\/index.php?rest_route=\/wp\/v2\/users\/1"}],"replies":[{"embeddable":true,"href":"https:\/\/gobernacionaltaverapaz.gob.gt\/index.php?rest_route=%2Fwp%2Fv2%2Fcomments&post=12192"}],"version-history":[{"count":2,"href":"https:\/\/gobernacionaltaverapaz.gob.gt\/index.php?rest_route=\/wp\/v2\/posts\/12192\/revisions"}],"predecessor-version":[{"id":12194,"href":"https:\/\/gobernacionaltaverapaz.gob.gt\/index.php?rest_route=\/wp\/v2\/posts\/12192\/revisions\/12194"}],"wp:featuredmedia":[{"embeddable":true,"href":"https:\/\/gobernacionaltaverapaz.gob.gt\/index.php?rest_route=\/wp\/v2\/media\/12188"}],"wp:attachment":[{"href":"https:\/\/gobernacionaltaverapaz.gob.gt\/index.php?rest_route=%2Fwp%2Fv2%2Fmedia&parent=12192"}],"wp:term":[{"taxonomy":"category","embeddable":true,"href":"https:\/\/gobernacionaltaverapaz.gob.gt\/index.php?rest_route=%2Fwp%2Fv2%2Fcategories&post=12192"},{"taxonomy":"post_tag","embeddable":true,"href":"https:\/\/gobernacionaltaverapaz.gob.gt\/index.php?rest_route=%2Fwp%2Fv2%2Ftags&post=12192"}],"curies":[{"name":"wp","href":"https:\/\/api.w.org\/{rel}","templated":true}]}}