{"id":12218,"date":"2022-01-18T08:55:57","date_gmt":"2022-01-18T14:55:57","guid":{"rendered":"https:\/\/gobernacionaltaverapaz.gob.gt\/?p=12218"},"modified":"2022-01-19T12:52:28","modified_gmt":"2022-01-19T18:52:28","slug":"lanzamiento-jornada-de-vacunacin","status":"publish","type":"post","link":"https:\/\/gobernacionaltaverapaz.gob.gt\/?p=12218","title":{"rendered":"Lanzamiento Jornada de vacunaci\u00f3n"},"content":{"rendered":"<p style=\"text-align: justify;\">Lanzamiento Jornada de vacunaci\u00f3n primeras dosis a partir de los 12 a\u00f1os y refuerzos a personas mayores de 18 a\u00f1os.<br \/>\nEl d\u00eda de ayer Lunes 17 de de Enero se realizo el lanzamiento de jornadas de vacunaci\u00f3n intensiva en los Municipios de de San Miguel Tucuru, La Tinta y Senah\u00fa autoridades del Departamento de Alta Verapaz continuan realizando esfuerzos para la intensificaci\u00f3n de las acciones para dar cumplimiento del Plan Nacional de Vacunaci\u00f3n contra COVID-19.<br \/>\nEsto, ha sido posible gracias al apoyo interinstitucional entre el Ministerio de Salud P\u00fablica y Asistencia Social , Ej\u00e9rcito GT Oficial , Ministerio de Gobernaci\u00f3n Guatemala , Ministerio de Educaci\u00f3n de Guatemala (P\u00e1gina Oficial) quienes han estado en apresto en las \u00e1reas beneficiadas con las brigadas de vacunaci\u00f3n, que tienen como objetivo acercar las vacunas a los pobladores de las comunidades de dif\u00edcil acceso.<\/p>\n<p>&nbsp;<\/p>\n<p>&nbsp;<\/p>\n<div><\/div>\n","protected":false},"excerpt":{"rendered":"<p>Lanzamiento Jornada de vacunaci\u00f3n primeras dosis a partir de los 12 a\u00f1os y refuerzos a personas mayores de 18 a\u00f1os. El d\u00eda de ayer Lunes 17 de de Enero se realizo el lanzamiento de jornadas de vacunaci\u00f3n intensiva en los Municipios de de San Miguel Tucuru, La Tinta y Senah\u00fa autoridades del Departamento de Alta [&hellip;]<\/p>\n","protected":false},"author":1,"featured_media":12210,"comment_status":"closed","ping_status":"open","sticky":false,"template":"","format":"gallery","meta":[],"categories":[5],"tags":[178],"_links":{"self":[{"href":"https:\/\/gobernacionaltaverapaz.gob.gt\/index.php?rest_route=\/wp\/v2\/posts\/12218"}],"collection":[{"href":"https:\/\/gobernacionaltaverapaz.gob.gt\/index.php?rest_route=\/wp\/v2\/posts"}],"about":[{"href":"https:\/\/gobernacionaltaverapaz.gob.gt\/index.php?rest_route=\/wp\/v2\/types\/post"}],"author":[{"embeddable":true,"href":"https:\/\/gobernacionaltaverapaz.gob.gt\/index.php?rest_route=\/wp\/v2\/users\/1"}],"replies":[{"embeddable":true,"href":"https:\/\/gobernacionaltaverapaz.gob.gt\/index.php?rest_route=%2Fwp%2Fv2%2Fcomments&post=12218"}],"version-history":[{"count":1,"href":"https:\/\/gobernacionaltaverapaz.gob.gt\/index.php?rest_route=\/wp\/v2\/posts\/12218\/revisions"}],"predecessor-version":[{"id":12219,"href":"https:\/\/gobernacionaltaverapaz.gob.gt\/index.php?rest_route=\/wp\/v2\/posts\/12218\/revisions\/12219"}],"wp:featuredmedia":[{"embeddable":true,"href":"https:\/\/gobernacionaltaverapaz.gob.gt\/index.php?rest_route=\/wp\/v2\/media\/12210"}],"wp:attachment":[{"href":"https:\/\/gobernacionaltaverapaz.gob.gt\/index.php?rest_route=%2Fwp%2Fv2%2Fmedia&parent=12218"}],"wp:term":[{"taxonomy":"category","embeddable":true,"href":"https:\/\/gobernacionaltaverapaz.gob.gt\/index.php?rest_route=%2Fwp%2Fv2%2Fcategories&post=12218"},{"taxonomy":"post_tag","embeddable":true,"href":"https:\/\/gobernacionaltaverapaz.gob.gt\/index.php?rest_route=%2Fwp%2Fv2%2Ftags&post=12218"}],"curies":[{"name":"wp","href":"https:\/\/api.w.org\/{rel}","templated":true}]}}