{"id":12239,"date":"2022-01-18T17:52:06","date_gmt":"2022-01-18T23:52:06","guid":{"rendered":"https:\/\/gobernacionaltaverapaz.gob.gt\/?p=12239"},"modified":"2022-01-19T15:49:08","modified_gmt":"2022-01-19T21:49:08","slug":"se-realiz-limpieza-de-100-ml-de-cuneta-de-ambos-lados","status":"publish","type":"post","link":"https:\/\/gobernacionaltaverapaz.gob.gt\/?p=12239","title":{"rendered":"Se realiz\u00f3 limpieza de 100 ML de cuneta de ambos lados"},"content":{"rendered":"<p style=\"text-align: justify;\">La Zona Vial No. 7, con apoyo de la Municipalidad De Cob\u00e1n, atendi\u00f3 emergencia en el Tramo: Bifurcaci\u00f3n CA 14, km 203+600 Aldea Tontem &#8211; Aldea Las Cruces, Cob\u00e1n, Alta Verapaz; el cual cubr\u00eda carril y medio de la carretera. Con la remoci\u00f3n de 60m\u00b3 de derrumbe aproximadamente, adem\u00e1s se realiz\u00f3 limpieza de 100 ML de cuneta de ambos lados.<br \/>\nEsto viene a beneficiar a los automovilistas que utilizan este tramo como ruta alterna para ingresar al municipio de Coban.<\/p>\n<p>&nbsp;<\/p>\n<div><\/div>\n<p>&nbsp;<\/p>\n<p>&nbsp;<\/p>\n","protected":false},"excerpt":{"rendered":"<p>La Zona Vial No. 7, con apoyo de la Municipalidad De Cob\u00e1n, atendi\u00f3 emergencia en el Tramo: Bifurcaci\u00f3n CA 14, km 203+600 Aldea Tontem &#8211; Aldea Las Cruces, Cob\u00e1n, Alta Verapaz; el cual cubr\u00eda carril y medio de la carretera. Con la remoci\u00f3n de 60m\u00b3 de derrumbe aproximadamente, adem\u00e1s se realiz\u00f3 limpieza de 100 ML [&hellip;]<\/p>\n","protected":false},"author":1,"featured_media":12226,"comment_status":"closed","ping_status":"open","sticky":false,"template":"","format":"gallery","meta":[],"categories":[4],"tags":[178],"_links":{"self":[{"href":"https:\/\/gobernacionaltaverapaz.gob.gt\/index.php?rest_route=\/wp\/v2\/posts\/12239"}],"collection":[{"href":"https:\/\/gobernacionaltaverapaz.gob.gt\/index.php?rest_route=\/wp\/v2\/posts"}],"about":[{"href":"https:\/\/gobernacionaltaverapaz.gob.gt\/index.php?rest_route=\/wp\/v2\/types\/post"}],"author":[{"embeddable":true,"href":"https:\/\/gobernacionaltaverapaz.gob.gt\/index.php?rest_route=\/wp\/v2\/users\/1"}],"replies":[{"embeddable":true,"href":"https:\/\/gobernacionaltaverapaz.gob.gt\/index.php?rest_route=%2Fwp%2Fv2%2Fcomments&post=12239"}],"version-history":[{"count":1,"href":"https:\/\/gobernacionaltaverapaz.gob.gt\/index.php?rest_route=\/wp\/v2\/posts\/12239\/revisions"}],"predecessor-version":[{"id":12240,"href":"https:\/\/gobernacionaltaverapaz.gob.gt\/index.php?rest_route=\/wp\/v2\/posts\/12239\/revisions\/12240"}],"wp:featuredmedia":[{"embeddable":true,"href":"https:\/\/gobernacionaltaverapaz.gob.gt\/index.php?rest_route=\/wp\/v2\/media\/12226"}],"wp:attachment":[{"href":"https:\/\/gobernacionaltaverapaz.gob.gt\/index.php?rest_route=%2Fwp%2Fv2%2Fmedia&parent=12239"}],"wp:term":[{"taxonomy":"category","embeddable":true,"href":"https:\/\/gobernacionaltaverapaz.gob.gt\/index.php?rest_route=%2Fwp%2Fv2%2Fcategories&post=12239"},{"taxonomy":"post_tag","embeddable":true,"href":"https:\/\/gobernacionaltaverapaz.gob.gt\/index.php?rest_route=%2Fwp%2Fv2%2Ftags&post=12239"}],"curies":[{"name":"wp","href":"https:\/\/api.w.org\/{rel}","templated":true}]}}