{"id":12248,"date":"2022-01-18T20:20:41","date_gmt":"2022-01-19T02:20:41","guid":{"rendered":"https:\/\/gobernacionaltaverapaz.gob.gt\/?p=12248"},"modified":"2022-01-20T11:53:37","modified_gmt":"2022-01-20T17:53:37","slug":"reunin-de-gobernanza-local-innovacin-pblica","status":"publish","type":"post","link":"https:\/\/gobernacionaltaverapaz.gob.gt\/?p=12248","title":{"rendered":"Diplomado de Gobernanza local e Innovaci\u00f3n P\u00fablica"},"content":{"rendered":"<div class=\"\" dir=\"auto\">\n<div class=\"\" dir=\"auto\">\n<div class=\"ecm0bbzt hv4rvrfc ihqw7lf3 dati1w0a\" data-ad-comet-preview=\"message\" data-ad-preview=\"message\">\n<div class=\"j83agx80 cbu4d94t ew0dbk1b irj2b8pg\">\n<div class=\"qzhwtbm6 knvmm38d\">\n<div class=\"kvgmc6g5 cxmmr5t8 oygrvhab hcukyx3x c1et5uql ii04i59q\">\n<div dir=\"auto\" style=\"text-align: justify;\">La antesala al diplomado Gobernanza local e innovaci\u00f3n p\u00fablica para la gesti\u00f3n de los servicios p\u00fablicos y planificaci\u00f3n de desarrollo local, patrocinado por el PNUD en coordinaci\u00f3n con la Comisi\u00f3n Presidencial de Asuntos Municipales &#8211; COPRESAM- se realiz\u00f3 con el gobernador departamental de Cob\u00e1n, Alta Verapaz, afinando detalles para recibir a los servidores p\u00fablicos convocados.<\/div>\n<\/div>\n<div class=\"cxmmr5t8 oygrvhab hcukyx3x c1et5uql o9v6fnle ii04i59q\" style=\"text-align: justify;\">\n<div dir=\"auto\">Entre los detalles que sobre salieron de la reuni\u00f3n es el avance tecnol\u00f3gico del departamento, como la implementaci\u00f3n de c\u00e1maras y la implementaci\u00f3n de sistemas de alerta temprana en emergencias, seg\u00fan indic\u00f3 el gobernador departamental Romel Veliz.<\/div>\n<\/div>\n<div class=\"cxmmr5t8 oygrvhab hcukyx3x c1et5uql o9v6fnle ii04i59q\">\n<div dir=\"auto\" style=\"text-align: justify;\">Ana Mar\u00eda D\u00edaz, representante residente de PNUD felicito ese \u00edmpetu y esp\u00edritu de trabajo que por medio de una din\u00e1mica contin\u00faa est\u00e1 el gobernador buscando apoyo para su departamento, cont\u00e1ndose al PNUD como un colaborador en el desarrollo del departamento por medio de este y otros proyectos que se tienen con entidades de Gobierno, como la COPRESAM entre otras.<\/div>\n<\/div>\n<\/div>\n<\/div>\n<\/div>\n<\/div>\n<\/div>\n<div dir=\"auto\"><\/div>\n<div dir=\"auto\"><\/div>\n<div dir=\"auto\"><\/div>\n<div dir=\"auto\">\n<div><\/div>\n<\/div>\n","protected":false},"excerpt":{"rendered":"<p>La antesala al diplomado Gobernanza local e innovaci\u00f3n p\u00fablica para la gesti\u00f3n de los servicios p\u00fablicos y planificaci\u00f3n de desarrollo local, patrocinado por el PNUD en coordinaci\u00f3n con la Comisi\u00f3n Presidencial de Asuntos Municipales &#8211; COPRESAM- se realiz\u00f3 con el gobernador departamental de Cob\u00e1n, Alta Verapaz, afinando detalles para recibir a los servidores p\u00fablicos convocados. [&hellip;]<\/p>\n","protected":false},"author":1,"featured_media":12241,"comment_status":"closed","ping_status":"open","sticky":false,"template":"","format":"gallery","meta":[],"categories":[194],"tags":[178],"_links":{"self":[{"href":"https:\/\/gobernacionaltaverapaz.gob.gt\/index.php?rest_route=\/wp\/v2\/posts\/12248"}],"collection":[{"href":"https:\/\/gobernacionaltaverapaz.gob.gt\/index.php?rest_route=\/wp\/v2\/posts"}],"about":[{"href":"https:\/\/gobernacionaltaverapaz.gob.gt\/index.php?rest_route=\/wp\/v2\/types\/post"}],"author":[{"embeddable":true,"href":"https:\/\/gobernacionaltaverapaz.gob.gt\/index.php?rest_route=\/wp\/v2\/users\/1"}],"replies":[{"embeddable":true,"href":"https:\/\/gobernacionaltaverapaz.gob.gt\/index.php?rest_route=%2Fwp%2Fv2%2Fcomments&post=12248"}],"version-history":[{"count":2,"href":"https:\/\/gobernacionaltaverapaz.gob.gt\/index.php?rest_route=\/wp\/v2\/posts\/12248\/revisions"}],"predecessor-version":[{"id":12250,"href":"https:\/\/gobernacionaltaverapaz.gob.gt\/index.php?rest_route=\/wp\/v2\/posts\/12248\/revisions\/12250"}],"wp:featuredmedia":[{"embeddable":true,"href":"https:\/\/gobernacionaltaverapaz.gob.gt\/index.php?rest_route=\/wp\/v2\/media\/12241"}],"wp:attachment":[{"href":"https:\/\/gobernacionaltaverapaz.gob.gt\/index.php?rest_route=%2Fwp%2Fv2%2Fmedia&parent=12248"}],"wp:term":[{"taxonomy":"category","embeddable":true,"href":"https:\/\/gobernacionaltaverapaz.gob.gt\/index.php?rest_route=%2Fwp%2Fv2%2Fcategories&post=12248"},{"taxonomy":"post_tag","embeddable":true,"href":"https:\/\/gobernacionaltaverapaz.gob.gt\/index.php?rest_route=%2Fwp%2Fv2%2Ftags&post=12248"}],"curies":[{"name":"wp","href":"https:\/\/api.w.org\/{rel}","templated":true}]}}