{"id":12251,"date":"2022-01-19T12:19:39","date_gmt":"2022-01-19T18:19:39","guid":{"rendered":"https:\/\/gobernacionaltaverapaz.gob.gt\/?p=12251"},"modified":"2022-01-20T12:02:30","modified_gmt":"2022-01-20T18:02:30","slug":"monitoreo-seguimiento-conjunto-casos-de-nios-nias-con-desnutricin-aguda","status":"publish","type":"post","link":"https:\/\/gobernacionaltaverapaz.gob.gt\/?p=12251","title":{"rendered":"Monitoreo y seguimiento conjunto a casos de ni\u00f1os y ni\u00f1as con Desnutrici\u00f3n Aguda"},"content":{"rendered":"<p style=\"text-align: justify;\">En coordinaci\u00f3n interinstitucional personal de la <a href=\"https:\/\/www.facebook.com\/hashtag\/omsan?__eep__=6&amp;__cft__%5b0%5d=AZXefk2Rzjcu2C9Xo2Ps9D_eRH77ZhjfAAyvHgwex5VeXNSwhi2nDj_hfECme6weCoWUHsBsv5LSGDVmxtBLyWeh-asaga9CFrtBFfnnoZEa7Fn0vFVHAQjIzYahI81V55emDLgP_aOulqj-0OtNgkNfFirod8jQMEIGDkSNI8k6dg&amp;__tn__=*NK-y-R\" target=\"_blank\" rel=\"noopener\">#OMSAN<\/a>, <a href=\"https:\/\/www.facebook.com\/hashtag\/mides?__eep__=6&amp;__cft__%5b0%5d=AZXefk2Rzjcu2C9Xo2Ps9D_eRH77ZhjfAAyvHgwex5VeXNSwhi2nDj_hfECme6weCoWUHsBsv5LSGDVmxtBLyWeh-asaga9CFrtBFfnnoZEa7Fn0vFVHAQjIzYahI81V55emDLgP_aOulqj-0OtNgkNfFirod8jQMEIGDkSNI8k6dg&amp;__tn__=*NK-y-R\" target=\"_blank\" rel=\"noopener\">#MIDES<\/a>, <a href=\"https:\/\/www.facebook.com\/hashtag\/mspas?__eep__=6&amp;__cft__%5b0%5d=AZXefk2Rzjcu2C9Xo2Ps9D_eRH77ZhjfAAyvHgwex5VeXNSwhi2nDj_hfECme6weCoWUHsBsv5LSGDVmxtBLyWeh-asaga9CFrtBFfnnoZEa7Fn0vFVHAQjIzYahI81V55emDLgP_aOulqj-0OtNgkNfFirod8jQMEIGDkSNI8k6dg&amp;__tn__=*NK-y-R\" target=\"_blank\" rel=\"noopener\">#MSPAS<\/a> y <a href=\"https:\/\/www.facebook.com\/hashtag\/sesan?__eep__=6&amp;__cft__%5b0%5d=AZXefk2Rzjcu2C9Xo2Ps9D_eRH77ZhjfAAyvHgwex5VeXNSwhi2nDj_hfECme6weCoWUHsBsv5LSGDVmxtBLyWeh-asaga9CFrtBFfnnoZEa7Fn0vFVHAQjIzYahI81V55emDLgP_aOulqj-0OtNgkNfFirod8jQMEIGDkSNI8k6dg&amp;__tn__=*NK-y-R\" target=\"_blank\" rel=\"noopener\">#SESAN<\/a>, realizaron el monitoreo y seguimiento conjunto a casos de ni\u00f1os y ni\u00f1as con Desnutrici\u00f3n Aguda, reportados por el distrito de salud en la comunidad Yutbal del municipio de San Agust\u00edn Lanqu\u00edn, Alta Verapaz, durante la visita se sensibiliz\u00f3 a las madres de familia de los menores en temas de nutrici\u00f3n, alimentaci\u00f3n saludable e higiene, as\u00ed como tambi\u00e9n se les hizo entrega de asistencia alimentaria gestionada por miembros de la <a href=\"https:\/\/www.facebook.com\/hashtag\/comusan?__eep__=6&amp;__cft__%5b0%5d=AZXefk2Rzjcu2C9Xo2Ps9D_eRH77ZhjfAAyvHgwex5VeXNSwhi2nDj_hfECme6weCoWUHsBsv5LSGDVmxtBLyWeh-asaga9CFrtBFfnnoZEa7Fn0vFVHAQjIzYahI81V55emDLgP_aOulqj-0OtNgkNfFirod8jQMEIGDkSNI8k6dg&amp;__tn__=*NK-y-R\" target=\"_blank\" rel=\"noopener\">#COMUSAN<\/a> de este municipio.<\/p>\n<p><a href=\"https:\/\/www.facebook.com\/hashtag\/sesan?__eep__=6&amp;__cft__%5b0%5d=AZXefk2Rzjcu2C9Xo2Ps9D_eRH77ZhjfAAyvHgwex5VeXNSwhi2nDj_hfECme6weCoWUHsBsv5LSGDVmxtBLyWeh-asaga9CFrtBFfnnoZEa7Fn0vFVHAQjIzYahI81V55emDLgP_aOulqj-0OtNgkNfFirod8jQMEIGDkSNI8k6dg&amp;__tn__=*NK-y-R\" target=\"_blank\" rel=\"noopener\">#SESAN<br \/>\n<\/a><a href=\"https:\/\/www.facebook.com\/hashtag\/mspas?__eep__=6&amp;__cft__%5b0%5d=AZXefk2Rzjcu2C9Xo2Ps9D_eRH77ZhjfAAyvHgwex5VeXNSwhi2nDj_hfECme6weCoWUHsBsv5LSGDVmxtBLyWeh-asaga9CFrtBFfnnoZEa7Fn0vFVHAQjIzYahI81V55emDLgP_aOulqj-0OtNgkNfFirod8jQMEIGDkSNI8k6dg&amp;__tn__=*NK-y-R\" target=\"_blank\" rel=\"noopener\">#MSPAS<br \/>\n<\/a><a href=\"https:\/\/www.facebook.com\/hashtag\/mides?__eep__=6&amp;__cft__%5b0%5d=AZXefk2Rzjcu2C9Xo2Ps9D_eRH77ZhjfAAyvHgwex5VeXNSwhi2nDj_hfECme6weCoWUHsBsv5LSGDVmxtBLyWeh-asaga9CFrtBFfnnoZEa7Fn0vFVHAQjIzYahI81V55emDLgP_aOulqj-0OtNgkNfFirod8jQMEIGDkSNI8k6dg&amp;__tn__=*NK-y-R\" target=\"_blank\" rel=\"noopener\">#MIDES<br \/>\n<\/a><a href=\"https:\/\/www.facebook.com\/hashtag\/omsan?__eep__=6&amp;__cft__%5b0%5d=AZXefk2Rzjcu2C9Xo2Ps9D_eRH77ZhjfAAyvHgwex5VeXNSwhi2nDj_hfECme6weCoWUHsBsv5LSGDVmxtBLyWeh-asaga9CFrtBFfnnoZEa7Fn0vFVHAQjIzYahI81V55emDLgP_aOulqj-0OtNgkNfFirod8jQMEIGDkSNI8k6dg&amp;__tn__=*NK-y-R\" target=\"_blank\" rel=\"noopener\">#OMSAN<br \/>\n<\/a><a href=\"https:\/\/www.facebook.com\/hashtag\/altaverapaz?__eep__=6&amp;__cft__%5b0%5d=AZXefk2Rzjcu2C9Xo2Ps9D_eRH77ZhjfAAyvHgwex5VeXNSwhi2nDj_hfECme6weCoWUHsBsv5LSGDVmxtBLyWeh-asaga9CFrtBFfnnoZEa7Fn0vFVHAQjIzYahI81V55emDLgP_aOulqj-0OtNgkNfFirod8jQMEIGDkSNI8k6dg&amp;__tn__=*NK-y-R\" target=\"_blank\" rel=\"noopener\">#AltaVerapaz<\/a><\/p>\n<p><img decoding=\"async\" loading=\"lazy\" class=\"alignnone wp-image-12253 size-full\" src=\"https:\/\/gobernacionaltaverapaz.gob.gt\/wp-content\/uploads\/2022\/01\/002.jpg\" alt=\"\" width=\"900\" height=\"645\" srcset=\"https:\/\/gobernacionaltaverapaz.gob.gt\/wp-content\/uploads\/2022\/01\/002.jpg 900w, https:\/\/gobernacionaltaverapaz.gob.gt\/wp-content\/uploads\/2022\/01\/002-300x215.jpg 300w, https:\/\/gobernacionaltaverapaz.gob.gt\/wp-content\/uploads\/2022\/01\/002-768x550.jpg 768w\" sizes=\"(max-width: 900px) 100vw, 900px\" \/> <img decoding=\"async\" loading=\"lazy\" class=\"alignnone wp-image-12254 size-full\" src=\"https:\/\/gobernacionaltaverapaz.gob.gt\/wp-content\/uploads\/2022\/01\/003.jpg\" alt=\"\" width=\"900\" height=\"675\" srcset=\"https:\/\/gobernacionaltaverapaz.gob.gt\/wp-content\/uploads\/2022\/01\/003.jpg 900w, https:\/\/gobernacionaltaverapaz.gob.gt\/wp-content\/uploads\/2022\/01\/003-300x225.jpg 300w, https:\/\/gobernacionaltaverapaz.gob.gt\/wp-content\/uploads\/2022\/01\/003-768x576.jpg 768w\" sizes=\"(max-width: 900px) 100vw, 900px\" \/><\/p>\n","protected":false},"excerpt":{"rendered":"<p>En coordinaci\u00f3n interinstitucional personal de la #OMSAN, #MIDES, #MSPAS y #SESAN, realizaron el monitoreo y seguimiento conjunto a casos de ni\u00f1os y ni\u00f1as con Desnutrici\u00f3n Aguda, reportados por el distrito de salud en la comunidad Yutbal del municipio de San Agust\u00edn Lanqu\u00edn, Alta Verapaz, durante la visita se sensibiliz\u00f3 a las madres de familia de [&hellip;]<\/p>\n","protected":false},"author":1,"featured_media":12252,"comment_status":"closed","ping_status":"open","sticky":false,"template":"","format":"standard","meta":[],"categories":[202],"tags":[178],"_links":{"self":[{"href":"https:\/\/gobernacionaltaverapaz.gob.gt\/index.php?rest_route=\/wp\/v2\/posts\/12251"}],"collection":[{"href":"https:\/\/gobernacionaltaverapaz.gob.gt\/index.php?rest_route=\/wp\/v2\/posts"}],"about":[{"href":"https:\/\/gobernacionaltaverapaz.gob.gt\/index.php?rest_route=\/wp\/v2\/types\/post"}],"author":[{"embeddable":true,"href":"https:\/\/gobernacionaltaverapaz.gob.gt\/index.php?rest_route=\/wp\/v2\/users\/1"}],"replies":[{"embeddable":true,"href":"https:\/\/gobernacionaltaverapaz.gob.gt\/index.php?rest_route=%2Fwp%2Fv2%2Fcomments&post=12251"}],"version-history":[{"count":1,"href":"https:\/\/gobernacionaltaverapaz.gob.gt\/index.php?rest_route=\/wp\/v2\/posts\/12251\/revisions"}],"predecessor-version":[{"id":12255,"href":"https:\/\/gobernacionaltaverapaz.gob.gt\/index.php?rest_route=\/wp\/v2\/posts\/12251\/revisions\/12255"}],"wp:featuredmedia":[{"embeddable":true,"href":"https:\/\/gobernacionaltaverapaz.gob.gt\/index.php?rest_route=\/wp\/v2\/media\/12252"}],"wp:attachment":[{"href":"https:\/\/gobernacionaltaverapaz.gob.gt\/index.php?rest_route=%2Fwp%2Fv2%2Fmedia&parent=12251"}],"wp:term":[{"taxonomy":"category","embeddable":true,"href":"https:\/\/gobernacionaltaverapaz.gob.gt\/index.php?rest_route=%2Fwp%2Fv2%2Fcategories&post=12251"},{"taxonomy":"post_tag","embeddable":true,"href":"https:\/\/gobernacionaltaverapaz.gob.gt\/index.php?rest_route=%2Fwp%2Fv2%2Ftags&post=12251"}],"curies":[{"name":"wp","href":"https:\/\/api.w.org\/{rel}","templated":true}]}}