{"id":12256,"date":"2022-01-19T15:07:38","date_gmt":"2022-01-19T21:07:38","guid":{"rendered":"https:\/\/gobernacionaltaverapaz.gob.gt\/?p=12256"},"modified":"2022-01-20T15:27:27","modified_gmt":"2022-01-20T21:27:27","slug":"personal-municipal-de-alta-verapaz-fortalecer-sus-capacidades-en-gestin-de-servicios-pblicos","status":"publish","type":"post","link":"https:\/\/gobernacionaltaverapaz.gob.gt\/?p=12256","title":{"rendered":"Personal municipal de Alta Verapaz fortalecer\u00e1 sus capacidades en gesti\u00f3n de servicios p\u00fablicos"},"content":{"rendered":"<p style=\"text-align: justify;\">Este lunes se inaugur\u00f3 un diplomado sobre gobernanza local e innovaci\u00f3n p\u00fablica, dirigido a autoridades y empleados de seis municipios.<\/p>\n<p style=\"text-align: justify;\">La cabecera departamental de Alta Verapaz sirvi\u00f3 como sede para el lanzamiento del diplomado de Gobernanza local e innovaci\u00f3n p\u00fablica para la gesti\u00f3n de los servicios p\u00fablicos y planificaci\u00f3n del desarrollo integral, dirigido a personal que labora en las municipalidades de Cob\u00e1n, San Pedro Carch\u00e1, San Juan Chamelco y Santa Cruz Verapaz.<\/p>\n<p style=\"text-align: justify;\">La formaci\u00f3n se llevar\u00e1 a cabo con la cooperaci\u00f3n del Programa de las Naciones Unidas para el Desarrollo (<a href=\"https:\/\/www.facebook.com\/PNUDGuatemala\/?__cft__%5b0%5d=AZWlYGMF2ziQjyx5lsInTtBztH4MByL5JjgA7B-vA6lJ25c-JtS_UpqOwGbmcEKLRL5orDmUaAo43RmSGk1LmITZPtLCvpA40RHhMVn4KhmNiIMcCIY6h4yauJ4HOoLzm8pkXelycYHi49TmXKSeLWXS&amp;__tn__=kK-R\" target=\"_blank\" rel=\"noopener\">PNUD Guatemala<\/a>) y la <a href=\"https:\/\/www.facebook.com\/Copresam\/?__cft__%5b0%5d=AZWlYGMF2ziQjyx5lsInTtBztH4MByL5JjgA7B-vA6lJ25c-JtS_UpqOwGbmcEKLRL5orDmUaAo43RmSGk1LmITZPtLCvpA40RHhMVn4KhmNiIMcCIY6h4yauJ4HOoLzm8pkXelycYHi49TmXKSeLWXS&amp;__tn__=kK-R\" target=\"_blank\" rel=\"noopener\">Comisi\u00f3n Presidencial de Asuntos Municipales Copresam<\/a>. Adem\u00e1s, incluir\u00e1 a empleados municipales de <a href=\"https:\/\/www.facebook.com\/munisanrafaellasflores\/?__cft__%5b0%5d=AZWlYGMF2ziQjyx5lsInTtBztH4MByL5JjgA7B-vA6lJ25c-JtS_UpqOwGbmcEKLRL5orDmUaAo43RmSGk1LmITZPtLCvpA40RHhMVn4KhmNiIMcCIY6h4yauJ4HOoLzm8pkXelycYHi49TmXKSeLWXS&amp;__tn__=kK-R\" target=\"_blank\" rel=\"noopener\">Municipalidad San Rafael Las Flores<\/a> Santa Rosa, y la cabecera departamental de Totonicap\u00e1n.<\/p>\n<p style=\"text-align: justify;\">Con el diplomado se espera contribuir al fortalecimiento de la gobernanza local e innovaci\u00f3n para la gesti\u00f3n de los servicios p\u00fablicos y la planificaci\u00f3n del desarrollo humano integral, incluyendo la gesti\u00f3n del recurso h\u00eddrico. Para ello se plantea el desarrollo de seis m\u00f3dulos de formaci\u00f3n.<\/p>\n<p><a href=\"https:\/\/www.facebook.com\/hashtag\/guatemalanosedetiene?__eep__=6&amp;__cft__%5b0%5d=AZWlYGMF2ziQjyx5lsInTtBztH4MByL5JjgA7B-vA6lJ25c-JtS_UpqOwGbmcEKLRL5orDmUaAo43RmSGk1LmITZPtLCvpA40RHhMVn4KhmNiIMcCIY6h4yauJ4HOoLzm8pkXelycYHi49TmXKSeLWXS&amp;__tn__=*NK-R\" target=\"_blank\" rel=\"noopener\">#GuatemalaNoSeDetiene<br \/>\n<\/a><a href=\"https:\/\/www.facebook.com\/hashtag\/juntossaldremosadelante?__eep__=6&amp;__cft__%5b0%5d=AZWlYGMF2ziQjyx5lsInTtBztH4MByL5JjgA7B-vA6lJ25c-JtS_UpqOwGbmcEKLRL5orDmUaAo43RmSGk1LmITZPtLCvpA40RHhMVn4KhmNiIMcCIY6h4yauJ4HOoLzm8pkXelycYHi49TmXKSeLWXS&amp;__tn__=*NK-R\" target=\"_blank\" rel=\"noopener\">#JuntosSaldremosAdelante<br \/>\n<\/a><a href=\"https:\/\/www.facebook.com\/hashtag\/altaverapazsigueavanzando?__eep__=6&amp;__cft__%5b0%5d=AZWlYGMF2ziQjyx5lsInTtBztH4MByL5JjgA7B-vA6lJ25c-JtS_UpqOwGbmcEKLRL5orDmUaAo43RmSGk1LmITZPtLCvpA40RHhMVn4KhmNiIMcCIY6h4yauJ4HOoLzm8pkXelycYHi49TmXKSeLWXS&amp;__tn__=*NK-R\" target=\"_blank\" rel=\"noopener\">#altaverapazsigueavanzando<\/a><\/p>\n<div><\/div>\n","protected":false},"excerpt":{"rendered":"<p>Este lunes se inaugur\u00f3 un diplomado sobre gobernanza local e innovaci\u00f3n p\u00fablica, dirigido a autoridades y empleados de seis municipios. La cabecera departamental de Alta Verapaz sirvi\u00f3 como sede para el lanzamiento del diplomado de Gobernanza local e innovaci\u00f3n p\u00fablica para la gesti\u00f3n de los servicios p\u00fablicos y planificaci\u00f3n del desarrollo integral, dirigido a personal [&hellip;]<\/p>\n","protected":false},"author":1,"featured_media":12260,"comment_status":"closed","ping_status":"open","sticky":false,"template":"","format":"gallery","meta":[],"categories":[191],"tags":[178],"_links":{"self":[{"href":"https:\/\/gobernacionaltaverapaz.gob.gt\/index.php?rest_route=\/wp\/v2\/posts\/12256"}],"collection":[{"href":"https:\/\/gobernacionaltaverapaz.gob.gt\/index.php?rest_route=\/wp\/v2\/posts"}],"about":[{"href":"https:\/\/gobernacionaltaverapaz.gob.gt\/index.php?rest_route=\/wp\/v2\/types\/post"}],"author":[{"embeddable":true,"href":"https:\/\/gobernacionaltaverapaz.gob.gt\/index.php?rest_route=\/wp\/v2\/users\/1"}],"replies":[{"embeddable":true,"href":"https:\/\/gobernacionaltaverapaz.gob.gt\/index.php?rest_route=%2Fwp%2Fv2%2Fcomments&post=12256"}],"version-history":[{"count":3,"href":"https:\/\/gobernacionaltaverapaz.gob.gt\/index.php?rest_route=\/wp\/v2\/posts\/12256\/revisions"}],"predecessor-version":[{"id":12265,"href":"https:\/\/gobernacionaltaverapaz.gob.gt\/index.php?rest_route=\/wp\/v2\/posts\/12256\/revisions\/12265"}],"wp:featuredmedia":[{"embeddable":true,"href":"https:\/\/gobernacionaltaverapaz.gob.gt\/index.php?rest_route=\/wp\/v2\/media\/12260"}],"wp:attachment":[{"href":"https:\/\/gobernacionaltaverapaz.gob.gt\/index.php?rest_route=%2Fwp%2Fv2%2Fmedia&parent=12256"}],"wp:term":[{"taxonomy":"category","embeddable":true,"href":"https:\/\/gobernacionaltaverapaz.gob.gt\/index.php?rest_route=%2Fwp%2Fv2%2Fcategories&post=12256"},{"taxonomy":"post_tag","embeddable":true,"href":"https:\/\/gobernacionaltaverapaz.gob.gt\/index.php?rest_route=%2Fwp%2Fv2%2Ftags&post=12256"}],"curies":[{"name":"wp","href":"https:\/\/api.w.org\/{rel}","templated":true}]}}