{"id":12285,"date":"2022-01-20T18:11:49","date_gmt":"2022-01-21T00:11:49","guid":{"rendered":"https:\/\/gobernacionaltaverapaz.gob.gt\/?p=12285"},"modified":"2022-01-21T12:01:26","modified_gmt":"2022-01-21T18:01:26","slug":"reunin-ordinaria-de-la-comisin-de-ambiente-recursos-naturales-comarn","status":"publish","type":"post","link":"https:\/\/gobernacionaltaverapaz.gob.gt\/?p=12285","title":{"rendered":"Reuni\u00f3n Ordinaria de la Comisi\u00f3n de Ambiente y Recursos Naturales COMARN"},"content":{"rendered":"<p style=\"text-align: justify;\">El Ing. Byron Eduardo L\u00f3pez Vaides, delegado departamental del MARN en\u00a0 Alta Verapaz, dio a conocer los resultados 2021 de la Comisi\u00f3n de Ambiente y Recursos Naturales, entre ellas resalta\u00a0 la Investigaci\u00f3n de e pesista con el tema: \u201cDescarga de Aguas Residuales en lagunetas de Cob\u00e1n, Alta Verapaz\u201d, Acciones realizadas en Laguna Chichoj, el seguimiento para dar a conocer los procedimientos para regular el espejo de agua como \u00e1rea protegida.<\/p>\n<p style=\"text-align: justify;\">Por su parte el se\u00f1or gobernador departamental, Romel Manuel Veliz Castro, resalt\u00f3 la importancia de darle seguimiento a las acciones que se realizan en favor de la Naturaleza y darles una pronta soluci\u00f3n a las problem\u00e1ticas que aquejan.<\/p>\n<p style=\"text-align: justify;\">Se socializ\u00f3 el plan de trabajo para el 2022, la estructura del equipo t\u00e9cnico que conforma la COMARN.<\/p>\n<p style=\"text-align: justify;\">Para el plan de actividades se ha sometido a criterio del pleno abordar la problem\u00e1tica de la Laguna Chichoj del municipio de San Crist\u00f3bal Verapaz.<\/p>\n<p style=\"text-align: justify;\">Derivado de la lluvia de ideas por parte de los participantes, se plante\u00f3 que, a trav\u00e9s de la COMARN, se incluir\u00e1 las siguientes actividades:<\/p>\n<ol style=\"text-align: justify;\">\n<li>Acciones para el mejoramiento y conservaci\u00f3n de la Laguna Chichoj del municipio de San Crist\u00f3bal Verapaz.<\/li>\n<li>Abordar las \u00e1reas protegidas del Departamento.<\/li>\n<\/ol>\n<p style=\"text-align: justify;\">Incendios Forestales.<\/p>\n<p style=\"text-align: justify;\">La Licda. Mat\u00edas Figueroa delegada de la SE-CONRED en Alta Verapaz, plante\u00f3 la propuesta de poder elaborar un reglamento para las brigadas municipales de control de incendios forestales.<\/p>\n<p style=\"text-align: justify;\">Para ello se sugiri\u00f3 que para la elaboraci\u00f3n de dicho reglamento se pueda considerar el fundamento legal con la finalidad de sustentar la creaci\u00f3n, aprobaci\u00f3n e implementaci\u00f3n de dicho reglamento.<\/p>\n<p>&nbsp;<\/p>\n<p>&nbsp;<\/p>\n<div><\/div>\n","protected":false},"excerpt":{"rendered":"<p>El Ing. Byron Eduardo L\u00f3pez Vaides, delegado departamental del MARN en\u00a0 Alta Verapaz, dio a conocer los resultados 2021 de la Comisi\u00f3n de Ambiente y Recursos Naturales, entre ellas resalta\u00a0 la Investigaci\u00f3n de e pesista con el tema: \u201cDescarga de Aguas Residuales en lagunetas de Cob\u00e1n, Alta Verapaz\u201d, Acciones realizadas en Laguna Chichoj, el seguimiento [&hellip;]<\/p>\n","protected":false},"author":1,"featured_media":12280,"comment_status":"closed","ping_status":"open","sticky":false,"template":"","format":"gallery","meta":[],"categories":[194],"tags":[178],"_links":{"self":[{"href":"https:\/\/gobernacionaltaverapaz.gob.gt\/index.php?rest_route=\/wp\/v2\/posts\/12285"}],"collection":[{"href":"https:\/\/gobernacionaltaverapaz.gob.gt\/index.php?rest_route=\/wp\/v2\/posts"}],"about":[{"href":"https:\/\/gobernacionaltaverapaz.gob.gt\/index.php?rest_route=\/wp\/v2\/types\/post"}],"author":[{"embeddable":true,"href":"https:\/\/gobernacionaltaverapaz.gob.gt\/index.php?rest_route=\/wp\/v2\/users\/1"}],"replies":[{"embeddable":true,"href":"https:\/\/gobernacionaltaverapaz.gob.gt\/index.php?rest_route=%2Fwp%2Fv2%2Fcomments&post=12285"}],"version-history":[{"count":1,"href":"https:\/\/gobernacionaltaverapaz.gob.gt\/index.php?rest_route=\/wp\/v2\/posts\/12285\/revisions"}],"predecessor-version":[{"id":12286,"href":"https:\/\/gobernacionaltaverapaz.gob.gt\/index.php?rest_route=\/wp\/v2\/posts\/12285\/revisions\/12286"}],"wp:featuredmedia":[{"embeddable":true,"href":"https:\/\/gobernacionaltaverapaz.gob.gt\/index.php?rest_route=\/wp\/v2\/media\/12280"}],"wp:attachment":[{"href":"https:\/\/gobernacionaltaverapaz.gob.gt\/index.php?rest_route=%2Fwp%2Fv2%2Fmedia&parent=12285"}],"wp:term":[{"taxonomy":"category","embeddable":true,"href":"https:\/\/gobernacionaltaverapaz.gob.gt\/index.php?rest_route=%2Fwp%2Fv2%2Fcategories&post=12285"},{"taxonomy":"post_tag","embeddable":true,"href":"https:\/\/gobernacionaltaverapaz.gob.gt\/index.php?rest_route=%2Fwp%2Fv2%2Ftags&post=12285"}],"curies":[{"name":"wp","href":"https:\/\/api.w.org\/{rel}","templated":true}]}}