{"id":12297,"date":"2022-01-21T18:25:27","date_gmt":"2022-01-22T00:25:27","guid":{"rendered":"https:\/\/gobernacionaltaverapaz.gob.gt\/?p=12297"},"modified":"2022-02-01T11:49:53","modified_gmt":"2022-02-01T17:49:53","slug":"monitoreo-conjunto-casos-de-nios-nias-con-desnutricin-aguda","status":"publish","type":"post","link":"https:\/\/gobernacionaltaverapaz.gob.gt\/?p=12297","title":{"rendered":"Monitoreo conjunto a casos de ni\u00f1os y ni\u00f1as con desnutrici\u00f3n aguda"},"content":{"rendered":"<p style=\"text-align: justify;\">En seguimiento a las acciones interinstitucionales; personal de la OMSAN, MIDES, MSPAS y SESAN, realizaron el d\u00eda de hoy el monitoreo conjunto a casos de ni\u00f1os y ni\u00f1as con desnutrici\u00f3n aguda, reportados por el distrito de salud en las comunidades Seseb, Chitzubil, Chibayl y Chicanchiu del municipio de Lanqu\u00edn, Alta Verapaz.<\/p>\n<p style=\"text-align: justify;\">Durante la actividad se sensibiliz\u00f3 a las madres de los menores en temas de nutrici\u00f3n, alimentaci\u00f3n saludable e higiene. Asimismo, se realiz\u00f3 tamizaje (peso y talla) para verificar el control de crecimiento y evaluar el estado nutricional, tambi\u00e9n se les hizo entrega de asistencia alimentaria gestionada por miembros de la COMUSAN de este municipio.<\/p>\n<p>&nbsp;<\/p>\n<div><\/div>\n","protected":false},"excerpt":{"rendered":"<p>En seguimiento a las acciones interinstitucionales; personal de la OMSAN, MIDES, MSPAS y SESAN, realizaron el d\u00eda de hoy el monitoreo conjunto a casos de ni\u00f1os y ni\u00f1as con desnutrici\u00f3n aguda, reportados por el distrito de salud en las comunidades Seseb, Chitzubil, Chibayl y Chicanchiu del municipio de Lanqu\u00edn, Alta Verapaz. Durante la actividad se [&hellip;]<\/p>\n","protected":false},"author":1,"featured_media":12292,"comment_status":"closed","ping_status":"open","sticky":false,"template":"","format":"gallery","meta":[],"categories":[5],"tags":[178],"_links":{"self":[{"href":"https:\/\/gobernacionaltaverapaz.gob.gt\/index.php?rest_route=\/wp\/v2\/posts\/12297"}],"collection":[{"href":"https:\/\/gobernacionaltaverapaz.gob.gt\/index.php?rest_route=\/wp\/v2\/posts"}],"about":[{"href":"https:\/\/gobernacionaltaverapaz.gob.gt\/index.php?rest_route=\/wp\/v2\/types\/post"}],"author":[{"embeddable":true,"href":"https:\/\/gobernacionaltaverapaz.gob.gt\/index.php?rest_route=\/wp\/v2\/users\/1"}],"replies":[{"embeddable":true,"href":"https:\/\/gobernacionaltaverapaz.gob.gt\/index.php?rest_route=%2Fwp%2Fv2%2Fcomments&post=12297"}],"version-history":[{"count":1,"href":"https:\/\/gobernacionaltaverapaz.gob.gt\/index.php?rest_route=\/wp\/v2\/posts\/12297\/revisions"}],"predecessor-version":[{"id":12298,"href":"https:\/\/gobernacionaltaverapaz.gob.gt\/index.php?rest_route=\/wp\/v2\/posts\/12297\/revisions\/12298"}],"wp:featuredmedia":[{"embeddable":true,"href":"https:\/\/gobernacionaltaverapaz.gob.gt\/index.php?rest_route=\/wp\/v2\/media\/12292"}],"wp:attachment":[{"href":"https:\/\/gobernacionaltaverapaz.gob.gt\/index.php?rest_route=%2Fwp%2Fv2%2Fmedia&parent=12297"}],"wp:term":[{"taxonomy":"category","embeddable":true,"href":"https:\/\/gobernacionaltaverapaz.gob.gt\/index.php?rest_route=%2Fwp%2Fv2%2Fcategories&post=12297"},{"taxonomy":"post_tag","embeddable":true,"href":"https:\/\/gobernacionaltaverapaz.gob.gt\/index.php?rest_route=%2Fwp%2Fv2%2Ftags&post=12297"}],"curies":[{"name":"wp","href":"https:\/\/api.w.org\/{rel}","templated":true}]}}