{"id":12306,"date":"2022-01-27T14:29:09","date_gmt":"2022-01-27T20:29:09","guid":{"rendered":"https:\/\/gobernacionaltaverapaz.gob.gt\/?p=12306"},"modified":"2022-02-01T12:10:41","modified_gmt":"2022-02-01T18:10:41","slug":"coordinacin-interinstitucional-jornada-intensiva-de-vacunacin-covid19","status":"publish","type":"post","link":"https:\/\/gobernacionaltaverapaz.gob.gt\/?p=12306","title":{"rendered":"Coordinaci\u00f3n Interinstitucional Jornada Intensiva de vacunaci\u00f3n COVID-19"},"content":{"rendered":"<p style=\"text-align: justify;\">Se\u00f1or Gobernador Departamental de Alta Verapaz, Romel Manuel Veliz Castro, presidio reuni\u00f3n de trabajo donde se realiz\u00f3 alianzas y compromisos con las instituciones presentes como Ministerio de Salud P\u00fablica y Asistencia Social, Ej\u00e9rcito GT Oficial (CREOMPAZ, 6ta Brigada de infanter\u00eda, Reservas Militares de Alta Verapaz, Brigada de Artiller\u00eda de Campa\u00f1a -BAC-), STEG, MINEDUC, COMISARIA 52 PNC, para el desarrollo de actividades de vacunaci\u00f3n en las fechas 30, 31 y 1, solicitando la m\u00e1xima colaboraci\u00f3n de los asistentes<\/p>\n<p style=\"text-align: justify;\">Previo a la reuni\u00f3n de trabajo los representantes de la Coordinadora Nacional de Confraternidades de Ministros Evang\u00e9licos &#8220;LEVANTATE GUATE\u201d &#8211; Concome Guatemala &#8211; elevaron una oraci\u00f3n a Dios para que las actividades tengan el impacto deseado, orando por los involucrados y el trabajo que desarrollan en beneficio de la salud de la poblaci\u00f3n Alta Verapacense.<\/p>\n<p style=\"text-align: justify;\">El Dr. Gabriel Sandoval Director del \u00c1rea de Salud de Alta Verapaz inicia la presentaci\u00f3n de la situaci\u00f3n de COVID-19 en el Departamento indicando que a la fecha se lleva un total de casos acumulados desde el inicio de la pandemia de<\/p>\n<p style=\"text-align: justify;\">20,019, casos recuperados 19,256, casos activos 476 y fallecidos 287.<\/p>\n<p style=\"text-align: justify;\">Los municipios m\u00e1s afectados durante el a\u00f1o 2022 son los siguientes: Cob\u00e1n, Santa Cruz, Carcha, Fray Bartolom\u00e9, San Crist\u00f3bal y Tactic.<\/p>\n<p style=\"text-align: justify;\">Sr. Gobernador Departamental Ing. Romel Veliz solicita a los presentes el involucramiento necesario para que la actividad programada pueda realizarse de manera exitosa y solicito a las autoridades departamentales giren las instrucciones<\/p>\n<p style=\"text-align: justify;\">correspondientes a los diferentes actores locales para que se coordine localmente.<\/p>\n<p>&nbsp;<\/p>\n<p>&nbsp;<\/p>\n<p>&nbsp;<\/p>\n<p>&nbsp;<\/p>\n<div><\/div>\n","protected":false},"excerpt":{"rendered":"<p>Se\u00f1or Gobernador Departamental de Alta Verapaz, Romel Manuel Veliz Castro, presidio reuni\u00f3n de trabajo donde se realiz\u00f3 alianzas y compromisos con las instituciones presentes como Ministerio de Salud P\u00fablica y Asistencia Social, Ej\u00e9rcito GT Oficial (CREOMPAZ, 6ta Brigada de infanter\u00eda, Reservas Militares de Alta Verapaz, Brigada de Artiller\u00eda de Campa\u00f1a -BAC-), STEG, MINEDUC, COMISARIA 52 [&hellip;]<\/p>\n","protected":false},"author":1,"featured_media":12299,"comment_status":"closed","ping_status":"open","sticky":false,"template":"","format":"gallery","meta":[],"categories":[194],"tags":[178],"_links":{"self":[{"href":"https:\/\/gobernacionaltaverapaz.gob.gt\/index.php?rest_route=\/wp\/v2\/posts\/12306"}],"collection":[{"href":"https:\/\/gobernacionaltaverapaz.gob.gt\/index.php?rest_route=\/wp\/v2\/posts"}],"about":[{"href":"https:\/\/gobernacionaltaverapaz.gob.gt\/index.php?rest_route=\/wp\/v2\/types\/post"}],"author":[{"embeddable":true,"href":"https:\/\/gobernacionaltaverapaz.gob.gt\/index.php?rest_route=\/wp\/v2\/users\/1"}],"replies":[{"embeddable":true,"href":"https:\/\/gobernacionaltaverapaz.gob.gt\/index.php?rest_route=%2Fwp%2Fv2%2Fcomments&post=12306"}],"version-history":[{"count":1,"href":"https:\/\/gobernacionaltaverapaz.gob.gt\/index.php?rest_route=\/wp\/v2\/posts\/12306\/revisions"}],"predecessor-version":[{"id":12307,"href":"https:\/\/gobernacionaltaverapaz.gob.gt\/index.php?rest_route=\/wp\/v2\/posts\/12306\/revisions\/12307"}],"wp:featuredmedia":[{"embeddable":true,"href":"https:\/\/gobernacionaltaverapaz.gob.gt\/index.php?rest_route=\/wp\/v2\/media\/12299"}],"wp:attachment":[{"href":"https:\/\/gobernacionaltaverapaz.gob.gt\/index.php?rest_route=%2Fwp%2Fv2%2Fmedia&parent=12306"}],"wp:term":[{"taxonomy":"category","embeddable":true,"href":"https:\/\/gobernacionaltaverapaz.gob.gt\/index.php?rest_route=%2Fwp%2Fv2%2Fcategories&post=12306"},{"taxonomy":"post_tag","embeddable":true,"href":"https:\/\/gobernacionaltaverapaz.gob.gt\/index.php?rest_route=%2Fwp%2Fv2%2Ftags&post=12306"}],"curies":[{"name":"wp","href":"https:\/\/api.w.org\/{rel}","templated":true}]}}