{"id":12324,"date":"2022-01-28T20:02:01","date_gmt":"2022-01-29T02:02:01","guid":{"rendered":"https:\/\/gobernacionaltaverapaz.gob.gt\/?p=12324"},"modified":"2022-02-01T12:53:01","modified_gmt":"2022-02-01T18:53:01","slug":"mesas-de-dialogo","status":"publish","type":"post","link":"https:\/\/gobernacionaltaverapaz.gob.gt\/?p=12324","title":{"rendered":"Mesas de Dialogo"},"content":{"rendered":"<p>MESAS DE DIALOGO \u201cDESAFIOS Y PROPUESTAS PARA PROMOVER LA VACUNACION CONTRA EL COVID-19 EN EL DEPARTAMENTO DE ALTA VERAPAZ\u201d Organizaciones Gubernamentales y No Gubernamentales.<\/p>\n<p style=\"text-align: justify;\">Con el objetivo de definir estrategias y acciones de apoyo a la campa\u00f1a para el incremento de las coberturas de vacunaci\u00f3n contra el COVID-19 en el departamento de Alta Verapaz la Direcci\u00f3n de \u00c1rea de Salud de Alta Verapaz &#8211; DASAV como parte de la priorizaci\u00f3n del Gobierno de Guatemala realizo mesas de dialogo con los participantes, donde se trabaj\u00f3 an\u00e1lisis de los desaf\u00edos que existen en cuanto a la vacunaci\u00f3n contra COVID-19 en el departamento.<\/p>\n<p style=\"text-align: justify;\">El Dr. Gabriel Fernando Sandoval L\u00f3pez, Director de la Direcci\u00f3n de \u00c1rea de Salud de Alta Verapaz, resalta la importancia del involucramiento de las diferentes instituciones gubernamentales, No gubernamentales y sociedad civil para el manejo y prevenci\u00f3n del COVID-19 en el departamento de Alta Verapaz.<\/p>\n<p style=\"text-align: justify;\">En la intervenci\u00f3n del se\u00f1or Gobernador Departamental Ing. Romel Veliz, hace menci\u00f3n de la coordinaci\u00f3n que se tiene con el Ministerio de Salud y el Ej\u00e9rcito GT Oficial Comando Regional de Entrenamiento de Operaciones de Mantenimiento de Paz., Para la promoci\u00f3n de la vacunaci\u00f3n en el idioma Q\u00b4eqchi\u00b4, como el acompa\u00f1amiento de las brigadas de vacunaci\u00f3n en los distritos de Salud a nivel comunitario.<\/p>\n<p style=\"text-align: justify;\">Se conformo una mesa intersectorial que realizara una pr\u00f3xima reuni\u00f3n el 28 de febrero del a\u00f1o 2022 para evaluar avances del proceso de las jornadas de vacunaci\u00f3n en el departamento.<\/p>\n<p>&nbsp;<\/p>\n<p>&nbsp;<\/p>\n<p>&nbsp;<\/p>\n<div><\/div>\n","protected":false},"excerpt":{"rendered":"<p>MESAS DE DIALOGO \u201cDESAFIOS Y PROPUESTAS PARA PROMOVER LA VACUNACION CONTRA EL COVID-19 EN EL DEPARTAMENTO DE ALTA VERAPAZ\u201d Organizaciones Gubernamentales y No Gubernamentales. Con el objetivo de definir estrategias y acciones de apoyo a la campa\u00f1a para el incremento de las coberturas de vacunaci\u00f3n contra el COVID-19 en el departamento de Alta Verapaz la [&hellip;]<\/p>\n","protected":false},"author":1,"featured_media":12317,"comment_status":"closed","ping_status":"open","sticky":false,"template":"","format":"gallery","meta":[],"categories":[194],"tags":[178],"_links":{"self":[{"href":"https:\/\/gobernacionaltaverapaz.gob.gt\/index.php?rest_route=\/wp\/v2\/posts\/12324"}],"collection":[{"href":"https:\/\/gobernacionaltaverapaz.gob.gt\/index.php?rest_route=\/wp\/v2\/posts"}],"about":[{"href":"https:\/\/gobernacionaltaverapaz.gob.gt\/index.php?rest_route=\/wp\/v2\/types\/post"}],"author":[{"embeddable":true,"href":"https:\/\/gobernacionaltaverapaz.gob.gt\/index.php?rest_route=\/wp\/v2\/users\/1"}],"replies":[{"embeddable":true,"href":"https:\/\/gobernacionaltaverapaz.gob.gt\/index.php?rest_route=%2Fwp%2Fv2%2Fcomments&post=12324"}],"version-history":[{"count":1,"href":"https:\/\/gobernacionaltaverapaz.gob.gt\/index.php?rest_route=\/wp\/v2\/posts\/12324\/revisions"}],"predecessor-version":[{"id":12325,"href":"https:\/\/gobernacionaltaverapaz.gob.gt\/index.php?rest_route=\/wp\/v2\/posts\/12324\/revisions\/12325"}],"wp:featuredmedia":[{"embeddable":true,"href":"https:\/\/gobernacionaltaverapaz.gob.gt\/index.php?rest_route=\/wp\/v2\/media\/12317"}],"wp:attachment":[{"href":"https:\/\/gobernacionaltaverapaz.gob.gt\/index.php?rest_route=%2Fwp%2Fv2%2Fmedia&parent=12324"}],"wp:term":[{"taxonomy":"category","embeddable":true,"href":"https:\/\/gobernacionaltaverapaz.gob.gt\/index.php?rest_route=%2Fwp%2Fv2%2Fcategories&post=12324"},{"taxonomy":"post_tag","embeddable":true,"href":"https:\/\/gobernacionaltaverapaz.gob.gt\/index.php?rest_route=%2Fwp%2Fv2%2Ftags&post=12324"}],"curies":[{"name":"wp","href":"https:\/\/api.w.org\/{rel}","templated":true}]}}