{"id":12334,"date":"2022-02-11T18:13:03","date_gmt":"2022-02-12T00:13:03","guid":{"rendered":"https:\/\/gobernacionaltaverapaz.gob.gt\/?p=12334"},"modified":"2022-02-14T10:17:29","modified_gmt":"2022-02-14T16:17:29","slug":"acompaamiento-de-inspeccin-ocular-realizado-en-el-parque-de-parque-de-san-jos-la-colonia","status":"publish","type":"post","link":"https:\/\/gobernacionaltaverapaz.gob.gt\/?p=12334","title":{"rendered":"Acompa\u00f1amiento de inspecci\u00f3n ocular realizado en el parque de parque de San Jos\u00e9 la Colonia"},"content":{"rendered":"<p style=\"text-align: justify;\">El se\u00f1or gobernador departamental, Romel Manuel Veliz Castro, dio acompa\u00f1amiento al Ministerio P\u00fablico de Guatemala, en relaci\u00f3n de la posible usurpaci\u00f3n y tala de arboles en terrenos del parque de San Jos\u00e9 la Colonia, del Municipio de Coban, Alta Verapaz.<br \/>\nEsta inspecci\u00f3n forma parte de los compromisos que se sostuvo en la mesa de dialogo con vecinos y Cocodes de San Jos\u00e9 la Colonia, que el d\u00eda 07 de Febrero bloquearon el paso a vehiculos a la altura del Puente el Arco; al bloquear este punto se restrigia el paso vehicular para los municipios de Coban, Carcha y San Juan Chamelco y sus areas circunvecinas.<br \/>\nDerivado a la mesa de dialogo se generaron los siguientes temas por parte de los vecinos presentes.<br \/>\n1-Seguridad a vecinos y a Cocodes por parte de PNC<br \/>\n2-Cancelaci\u00f3n de la Asociaci\u00f3n Integral de San Jos\u00e9 la Colonia.<br \/>\n3-Tala inmoderada de \u00e1rboles<br \/>\n4-Agua contaminada<br \/>\n5-Denuncias y procesos de desalojo.<br \/>\nPara atender las demandas se solicito el acompa\u00f1amiento de las instituciones: Gobernaci\u00f3n Departamental, PNCdeGuatemala, Ministerio de Agricultura, Ganader\u00eda y Alimentaci\u00f3n &#8211; MAGA, INAB Guatemala, Conap Consejo Nacional de \u00c1reas Protegidas, Ministerio de Salud P\u00fablica y Asistencia Social, MARN y vecinos de San Jose la Colonia.<br \/>\nAl finalizar el recorrido, las instituciones proceden a retirarse y el ente rector que es el Ministerio P\u00fablico de Guatemala, recabara los informes respectivos de cada instituci\u00f3n y con ello concluir la investigaci\u00f3n del caso.<\/p>\n<p>&nbsp;<\/p>\n<p>&nbsp;<\/p>\n<div><\/div>\n","protected":false},"excerpt":{"rendered":"<p>El se\u00f1or gobernador departamental, Romel Manuel Veliz Castro, dio acompa\u00f1amiento al Ministerio P\u00fablico de Guatemala, en relaci\u00f3n de la posible usurpaci\u00f3n y tala de arboles en terrenos del parque de San Jos\u00e9 la Colonia, del Municipio de Coban, Alta Verapaz. Esta inspecci\u00f3n forma parte de los compromisos que se sostuvo en la mesa de dialogo [&hellip;]<\/p>\n","protected":false},"author":1,"featured_media":12327,"comment_status":"closed","ping_status":"open","sticky":false,"template":"","format":"gallery","meta":[],"categories":[194],"tags":[178],"_links":{"self":[{"href":"https:\/\/gobernacionaltaverapaz.gob.gt\/index.php?rest_route=\/wp\/v2\/posts\/12334"}],"collection":[{"href":"https:\/\/gobernacionaltaverapaz.gob.gt\/index.php?rest_route=\/wp\/v2\/posts"}],"about":[{"href":"https:\/\/gobernacionaltaverapaz.gob.gt\/index.php?rest_route=\/wp\/v2\/types\/post"}],"author":[{"embeddable":true,"href":"https:\/\/gobernacionaltaverapaz.gob.gt\/index.php?rest_route=\/wp\/v2\/users\/1"}],"replies":[{"embeddable":true,"href":"https:\/\/gobernacionaltaverapaz.gob.gt\/index.php?rest_route=%2Fwp%2Fv2%2Fcomments&post=12334"}],"version-history":[{"count":1,"href":"https:\/\/gobernacionaltaverapaz.gob.gt\/index.php?rest_route=\/wp\/v2\/posts\/12334\/revisions"}],"predecessor-version":[{"id":12335,"href":"https:\/\/gobernacionaltaverapaz.gob.gt\/index.php?rest_route=\/wp\/v2\/posts\/12334\/revisions\/12335"}],"wp:featuredmedia":[{"embeddable":true,"href":"https:\/\/gobernacionaltaverapaz.gob.gt\/index.php?rest_route=\/wp\/v2\/media\/12327"}],"wp:attachment":[{"href":"https:\/\/gobernacionaltaverapaz.gob.gt\/index.php?rest_route=%2Fwp%2Fv2%2Fmedia&parent=12334"}],"wp:term":[{"taxonomy":"category","embeddable":true,"href":"https:\/\/gobernacionaltaverapaz.gob.gt\/index.php?rest_route=%2Fwp%2Fv2%2Fcategories&post=12334"},{"taxonomy":"post_tag","embeddable":true,"href":"https:\/\/gobernacionaltaverapaz.gob.gt\/index.php?rest_route=%2Fwp%2Fv2%2Ftags&post=12334"}],"curies":[{"name":"wp","href":"https:\/\/api.w.org\/{rel}","templated":true}]}}