{"id":12343,"date":"2022-02-06T16:33:15","date_gmt":"2022-02-06T22:33:15","guid":{"rendered":"https:\/\/gobernacionaltaverapaz.gob.gt\/?p=12343"},"modified":"2022-02-14T10:23:33","modified_gmt":"2022-02-14T16:23:33","slug":"inauguracin-del-ciclo-de-entrenamiento-2022","status":"publish","type":"post","link":"https:\/\/gobernacionaltaverapaz.gob.gt\/?p=12343","title":{"rendered":"Inauguraci\u00f3n del ciclo de entrenamiento 2022"},"content":{"rendered":"<p style=\"text-align: justify;\">Se llev\u00f3 a cabo la inauguraci\u00f3n del ciclo de entrenamiento 2022, del personal de Reservistas Militares del departamento de AltaVerapaz.<br \/>\nEn la actividad participo el se\u00f1or gobernador departamental, Romel Manuel Veliz Castro, quien fue reconocido por el Comandante Coronel de Infanter\u00eda DEM. Williams Giovanni Xicar\u00e1 Esquivel, Comandante de Reservas Militares de Alta Verapaz, por el constante apoyo a esta comandancia y la coordinaci\u00f3n de trabajo que durante su mandato se lleva a cabo.<\/p>\n<p>&nbsp;<\/p>\n<div><\/div>\n","protected":false},"excerpt":{"rendered":"<p>Se llev\u00f3 a cabo la inauguraci\u00f3n del ciclo de entrenamiento 2022, del personal de Reservistas Militares del departamento de AltaVerapaz. En la actividad participo el se\u00f1or gobernador departamental, Romel Manuel Veliz Castro, quien fue reconocido por el Comandante Coronel de Infanter\u00eda DEM. Williams Giovanni Xicar\u00e1 Esquivel, Comandante de Reservas Militares de Alta Verapaz, por el [&hellip;]<\/p>\n","protected":false},"author":1,"featured_media":12336,"comment_status":"closed","ping_status":"open","sticky":false,"template":"","format":"gallery","meta":[],"categories":[194],"tags":[178],"_links":{"self":[{"href":"https:\/\/gobernacionaltaverapaz.gob.gt\/index.php?rest_route=\/wp\/v2\/posts\/12343"}],"collection":[{"href":"https:\/\/gobernacionaltaverapaz.gob.gt\/index.php?rest_route=\/wp\/v2\/posts"}],"about":[{"href":"https:\/\/gobernacionaltaverapaz.gob.gt\/index.php?rest_route=\/wp\/v2\/types\/post"}],"author":[{"embeddable":true,"href":"https:\/\/gobernacionaltaverapaz.gob.gt\/index.php?rest_route=\/wp\/v2\/users\/1"}],"replies":[{"embeddable":true,"href":"https:\/\/gobernacionaltaverapaz.gob.gt\/index.php?rest_route=%2Fwp%2Fv2%2Fcomments&post=12343"}],"version-history":[{"count":1,"href":"https:\/\/gobernacionaltaverapaz.gob.gt\/index.php?rest_route=\/wp\/v2\/posts\/12343\/revisions"}],"predecessor-version":[{"id":12344,"href":"https:\/\/gobernacionaltaverapaz.gob.gt\/index.php?rest_route=\/wp\/v2\/posts\/12343\/revisions\/12344"}],"wp:featuredmedia":[{"embeddable":true,"href":"https:\/\/gobernacionaltaverapaz.gob.gt\/index.php?rest_route=\/wp\/v2\/media\/12336"}],"wp:attachment":[{"href":"https:\/\/gobernacionaltaverapaz.gob.gt\/index.php?rest_route=%2Fwp%2Fv2%2Fmedia&parent=12343"}],"wp:term":[{"taxonomy":"category","embeddable":true,"href":"https:\/\/gobernacionaltaverapaz.gob.gt\/index.php?rest_route=%2Fwp%2Fv2%2Fcategories&post=12343"},{"taxonomy":"post_tag","embeddable":true,"href":"https:\/\/gobernacionaltaverapaz.gob.gt\/index.php?rest_route=%2Fwp%2Fv2%2Ftags&post=12343"}],"curies":[{"name":"wp","href":"https:\/\/api.w.org\/{rel}","templated":true}]}}