{"id":12363,"date":"2022-02-03T14:01:45","date_gmt":"2022-02-03T20:01:45","guid":{"rendered":"https:\/\/gobernacionaltaverapaz.gob.gt\/?p=12363"},"modified":"2022-02-14T10:59:37","modified_gmt":"2022-02-14T16:59:37","slug":"supervisin-de-la-implementacin-de-actividades-operativas-2","status":"publish","type":"post","link":"https:\/\/gobernacionaltaverapaz.gob.gt\/?p=12363","title":{"rendered":"Supervisi\u00f3n de la implementaci\u00f3n de actividades operativas"},"content":{"rendered":"<p style=\"text-align: justify;\">Reunidos en el Sal\u00f3n de las Am\u00e9ricas, del Palacio de Gobernaci\u00f3n Departamental de Alta Verapaz, el se\u00f1or Gobernador Departamental, Romel Manuel Veliz Castro en su calidad de presidente del Consejo Departamental de Desarrollo y la Licenciada Romelia Cal Cahuec, jefa de la oficina Departamental de la Secretar\u00eda de Planificaci\u00f3n y Programaci\u00f3n de la Presidencia y Secretaria del Consejo, con el objeto de celebrar Reuni\u00f3n Extraordinaria del Consejo Departamental de Desarrollo.<br \/>\nA solicitud de los representantes del Sector No Gubernamental se ha convocado a esta reuni\u00f3n el punto PROPUESTA DE TERNA PARA OCUPAR EL CARGO DE GOBERNADOR (A) DEPARTAMENTAL, a cargo de los Representantes de las Entidades o Sectores No Gubernamentales, siendo la siguiente:<br \/>\nTITULARES<br \/>\n&#8211; Evileydi Noem\u00ed Alvarado Espinoza<br \/>\n&#8211; Oscar Rene Saquil Bol<br \/>\n&#8211; Fernando Jeremias Rodr\u00edguez Klarck.<br \/>\nSUPLENTES<br \/>\n&#8211; Roberto Quej Asig<br \/>\n&#8211; Hugo Franciso Ibarra Pop<br \/>\n&#8211; Erik Nolberto Guerrero Milian.<\/p>\n<p>&nbsp;<\/p>\n<p>&nbsp;<\/p>\n<div><\/div>\n","protected":false},"excerpt":{"rendered":"<p>Reunidos en el Sal\u00f3n de las Am\u00e9ricas, del Palacio de Gobernaci\u00f3n Departamental de Alta Verapaz, el se\u00f1or Gobernador Departamental, Romel Manuel Veliz Castro en su calidad de presidente del Consejo Departamental de Desarrollo y la Licenciada Romelia Cal Cahuec, jefa de la oficina Departamental de la Secretar\u00eda de Planificaci\u00f3n y Programaci\u00f3n de la Presidencia y [&hellip;]<\/p>\n","protected":false},"author":1,"featured_media":12359,"comment_status":"closed","ping_status":"open","sticky":false,"template":"","format":"gallery","meta":[],"categories":[194],"tags":[178],"_links":{"self":[{"href":"https:\/\/gobernacionaltaverapaz.gob.gt\/index.php?rest_route=\/wp\/v2\/posts\/12363"}],"collection":[{"href":"https:\/\/gobernacionaltaverapaz.gob.gt\/index.php?rest_route=\/wp\/v2\/posts"}],"about":[{"href":"https:\/\/gobernacionaltaverapaz.gob.gt\/index.php?rest_route=\/wp\/v2\/types\/post"}],"author":[{"embeddable":true,"href":"https:\/\/gobernacionaltaverapaz.gob.gt\/index.php?rest_route=\/wp\/v2\/users\/1"}],"replies":[{"embeddable":true,"href":"https:\/\/gobernacionaltaverapaz.gob.gt\/index.php?rest_route=%2Fwp%2Fv2%2Fcomments&post=12363"}],"version-history":[{"count":1,"href":"https:\/\/gobernacionaltaverapaz.gob.gt\/index.php?rest_route=\/wp\/v2\/posts\/12363\/revisions"}],"predecessor-version":[{"id":12364,"href":"https:\/\/gobernacionaltaverapaz.gob.gt\/index.php?rest_route=\/wp\/v2\/posts\/12363\/revisions\/12364"}],"wp:featuredmedia":[{"embeddable":true,"href":"https:\/\/gobernacionaltaverapaz.gob.gt\/index.php?rest_route=\/wp\/v2\/media\/12359"}],"wp:attachment":[{"href":"https:\/\/gobernacionaltaverapaz.gob.gt\/index.php?rest_route=%2Fwp%2Fv2%2Fmedia&parent=12363"}],"wp:term":[{"taxonomy":"category","embeddable":true,"href":"https:\/\/gobernacionaltaverapaz.gob.gt\/index.php?rest_route=%2Fwp%2Fv2%2Fcategories&post=12363"},{"taxonomy":"post_tag","embeddable":true,"href":"https:\/\/gobernacionaltaverapaz.gob.gt\/index.php?rest_route=%2Fwp%2Fv2%2Ftags&post=12363"}],"curies":[{"name":"wp","href":"https:\/\/api.w.org\/{rel}","templated":true}]}}