{"id":12374,"date":"2022-02-02T13:51:59","date_gmt":"2022-02-02T19:51:59","guid":{"rendered":"https:\/\/gobernacionaltaverapaz.gob.gt\/?p=12374"},"modified":"2022-02-14T11:13:36","modified_gmt":"2022-02-14T17:13:36","slug":"da-de-las-fuerzas-de-tierra-conmemoracin-del-triunfo-en-la-batalla-de-la-arada","status":"publish","type":"post","link":"https:\/\/gobernacionaltaverapaz.gob.gt\/?p=12374","title":{"rendered":"D\u00eda de las Fuerzas de Tierra y Conmemoraci\u00f3n del Triunfo en la Batalla de la Arada"},"content":{"rendered":"<p style=\"text-align: justify;\">El se\u00f1or Gobernador Departamental, Romel Manuel Veliz Castro, asisti\u00f3 al COMANDO REGIONAL DE ENTRENAMIENTO DE OPERACIONES DE MANTENIMIENTO DE PAZ -CREOMPAZ- del Ej\u00e9rcito GT donde se llev\u00f3 a cabo acto protocolario del D\u00eda de las Fuerzas de Tierra y Conmemoraci\u00f3n del Triunfo en la Batalla de la Arada.<\/p>\n<p>&nbsp;<\/p>\n<div><\/div>\n","protected":false},"excerpt":{"rendered":"<p>El se\u00f1or Gobernador Departamental, Romel Manuel Veliz Castro, asisti\u00f3 al COMANDO REGIONAL DE ENTRENAMIENTO DE OPERACIONES DE MANTENIMIENTO DE PAZ -CREOMPAZ- del Ej\u00e9rcito GT donde se llev\u00f3 a cabo acto protocolario del D\u00eda de las Fuerzas de Tierra y Conmemoraci\u00f3n del Triunfo en la Batalla de la Arada. &nbsp;<\/p>\n","protected":false},"author":1,"featured_media":12365,"comment_status":"closed","ping_status":"open","sticky":false,"template":"","format":"gallery","meta":[],"categories":[194],"tags":[178],"_links":{"self":[{"href":"https:\/\/gobernacionaltaverapaz.gob.gt\/index.php?rest_route=\/wp\/v2\/posts\/12374"}],"collection":[{"href":"https:\/\/gobernacionaltaverapaz.gob.gt\/index.php?rest_route=\/wp\/v2\/posts"}],"about":[{"href":"https:\/\/gobernacionaltaverapaz.gob.gt\/index.php?rest_route=\/wp\/v2\/types\/post"}],"author":[{"embeddable":true,"href":"https:\/\/gobernacionaltaverapaz.gob.gt\/index.php?rest_route=\/wp\/v2\/users\/1"}],"replies":[{"embeddable":true,"href":"https:\/\/gobernacionaltaverapaz.gob.gt\/index.php?rest_route=%2Fwp%2Fv2%2Fcomments&post=12374"}],"version-history":[{"count":1,"href":"https:\/\/gobernacionaltaverapaz.gob.gt\/index.php?rest_route=\/wp\/v2\/posts\/12374\/revisions"}],"predecessor-version":[{"id":12375,"href":"https:\/\/gobernacionaltaverapaz.gob.gt\/index.php?rest_route=\/wp\/v2\/posts\/12374\/revisions\/12375"}],"wp:featuredmedia":[{"embeddable":true,"href":"https:\/\/gobernacionaltaverapaz.gob.gt\/index.php?rest_route=\/wp\/v2\/media\/12365"}],"wp:attachment":[{"href":"https:\/\/gobernacionaltaverapaz.gob.gt\/index.php?rest_route=%2Fwp%2Fv2%2Fmedia&parent=12374"}],"wp:term":[{"taxonomy":"category","embeddable":true,"href":"https:\/\/gobernacionaltaverapaz.gob.gt\/index.php?rest_route=%2Fwp%2Fv2%2Fcategories&post=12374"},{"taxonomy":"post_tag","embeddable":true,"href":"https:\/\/gobernacionaltaverapaz.gob.gt\/index.php?rest_route=%2Fwp%2Fv2%2Ftags&post=12374"}],"curies":[{"name":"wp","href":"https:\/\/api.w.org\/{rel}","templated":true}]}}