{"id":12412,"date":"2022-02-17T20:33:27","date_gmt":"2022-02-18T02:33:27","guid":{"rendered":"https:\/\/gobernacionaltaverapaz.gob.gt\/?p=12412"},"modified":"2022-02-18T10:55:26","modified_gmt":"2022-02-18T16:55:26","slug":"visita-oficial-al-comando-regional-de-entrenamiento-operaciones-de-mantenimiento-de-paz","status":"publish","type":"post","link":"https:\/\/gobernacionaltaverapaz.gob.gt\/?p=12412","title":{"rendered":"Visita Oficial al Comando Regional de Entrenamiento y Operaciones de Mantenimiento de Paz"},"content":{"rendered":"<p style=\"text-align: justify;\">Visita Oficial al Comando Regional de Entrenamiento y Operaciones de Mantenimiento de Paz *&#8221;CREOMPAZ&#8221;* por el Se\u00f1or Gobernador Departamental de Alta Verapaz, Doctor Fernando Jerem\u00edas Rodr\u00edguez Klarck.<br \/>\n\u201cSoldado firme y leal a su Naci\u00f3n\u201d<\/p>\n<p><img decoding=\"async\" loading=\"lazy\" class=\"alignnone wp-image-12413 size-full\" src=\"https:\/\/gobernacionaltaverapaz.gob.gt\/wp-content\/uploads\/2022\/02\/0-1.jpg\" alt=\"\" width=\"900\" height=\"600\" srcset=\"https:\/\/gobernacionaltaverapaz.gob.gt\/wp-content\/uploads\/2022\/02\/0-1.jpg 900w, https:\/\/gobernacionaltaverapaz.gob.gt\/wp-content\/uploads\/2022\/02\/0-1-300x200.jpg 300w, https:\/\/gobernacionaltaverapaz.gob.gt\/wp-content\/uploads\/2022\/02\/0-1-768x512.jpg 768w\" sizes=\"(max-width: 900px) 100vw, 900px\" \/><\/p>\n","protected":false},"excerpt":{"rendered":"<p>Visita Oficial al Comando Regional de Entrenamiento y Operaciones de Mantenimiento de Paz *&#8221;CREOMPAZ&#8221;* por el Se\u00f1or Gobernador Departamental de Alta Verapaz, Doctor Fernando Jerem\u00edas Rodr\u00edguez Klarck. \u201cSoldado firme y leal a su Naci\u00f3n\u201d<\/p>\n","protected":false},"author":1,"featured_media":12414,"comment_status":"closed","ping_status":"open","sticky":false,"template":"","format":"gallery","meta":[],"categories":[1],"tags":[178],"_links":{"self":[{"href":"https:\/\/gobernacionaltaverapaz.gob.gt\/index.php?rest_route=\/wp\/v2\/posts\/12412"}],"collection":[{"href":"https:\/\/gobernacionaltaverapaz.gob.gt\/index.php?rest_route=\/wp\/v2\/posts"}],"about":[{"href":"https:\/\/gobernacionaltaverapaz.gob.gt\/index.php?rest_route=\/wp\/v2\/types\/post"}],"author":[{"embeddable":true,"href":"https:\/\/gobernacionaltaverapaz.gob.gt\/index.php?rest_route=\/wp\/v2\/users\/1"}],"replies":[{"embeddable":true,"href":"https:\/\/gobernacionaltaverapaz.gob.gt\/index.php?rest_route=%2Fwp%2Fv2%2Fcomments&post=12412"}],"version-history":[{"count":1,"href":"https:\/\/gobernacionaltaverapaz.gob.gt\/index.php?rest_route=\/wp\/v2\/posts\/12412\/revisions"}],"predecessor-version":[{"id":12415,"href":"https:\/\/gobernacionaltaverapaz.gob.gt\/index.php?rest_route=\/wp\/v2\/posts\/12412\/revisions\/12415"}],"wp:featuredmedia":[{"embeddable":true,"href":"https:\/\/gobernacionaltaverapaz.gob.gt\/index.php?rest_route=\/wp\/v2\/media\/12414"}],"wp:attachment":[{"href":"https:\/\/gobernacionaltaverapaz.gob.gt\/index.php?rest_route=%2Fwp%2Fv2%2Fmedia&parent=12412"}],"wp:term":[{"taxonomy":"category","embeddable":true,"href":"https:\/\/gobernacionaltaverapaz.gob.gt\/index.php?rest_route=%2Fwp%2Fv2%2Fcategories&post=12412"},{"taxonomy":"post_tag","embeddable":true,"href":"https:\/\/gobernacionaltaverapaz.gob.gt\/index.php?rest_route=%2Fwp%2Fv2%2Ftags&post=12412"}],"curies":[{"name":"wp","href":"https:\/\/api.w.org\/{rel}","templated":true}]}}