{"id":12423,"date":"2022-02-18T16:30:53","date_gmt":"2022-02-18T22:30:53","guid":{"rendered":"https:\/\/gobernacionaltaverapaz.gob.gt\/?p=12423"},"modified":"2022-02-28T12:51:16","modified_gmt":"2022-02-28T18:51:16","slug":"reunin-ordinaria-de-codedeav","status":"publish","type":"post","link":"https:\/\/gobernacionaltaverapaz.gob.gt\/?p=12423","title":{"rendered":"Reuni\u00f3n ordinaria de CODEDEAV"},"content":{"rendered":"<div class=\"cxmmr5t8 oygrvhab hcukyx3x c1et5uql o9v6fnle ii04i59q\">\n<div dir=\"auto\" style=\"text-align: justify;\">El d\u00eda de hoy se realizo reuni\u00f3n ordinaria de trabajo del CODEDEAV, donde el se\u00f1or Gobernador Departamental, Dr. Fernando Rodr\u00edguez Klarck, en su calidad de presidente del Consejo de Desarrollo, agradeci\u00f3 a los representantes de los diferentes sectores por su participaci\u00f3n en la sesi\u00f3n del d\u00eda de hoy 18 de Febrero, manifestando su disposici\u00f3n de apoyo y coordinaci\u00f3n de manera transparente.<\/div>\n<\/div>\n<div class=\"cxmmr5t8 oygrvhab hcukyx3x c1et5uql o9v6fnle ii04i59q\">\n<div dir=\"auto\" style=\"text-align: justify;\">Los puntos a tratar fueron: Aprobaci\u00f3n PEI-POM 2023-2027; Procesos para formulaci\u00f3n de propuesta 2023; Informe de Avances f\u00edsicos y financieros del proyectos 2021 (IVA Paz, FONPETROL y SETH); Aprobaci\u00f3n de Proyectos nuevos;<\/div>\n<div dir=\"auto\" style=\"text-align: justify;\">Reprogramaci\u00f3n de Obras; Distribuci\u00f3n de Recursos Fonpetrol; Cumplimiento de Presentaci\u00f3n de Informes de<\/div>\n<div dir=\"auto\" style=\"text-align: justify;\">Comisiones del Consejo Departamental de Desarrollo; Creaci\u00f3n de Instancias Municipales de Gesti\u00f3n de Riesgos;<\/div>\n<div dir=\"auto\" style=\"text-align: justify;\">Presentaci\u00f3n de Protocolo contra Incendios Forestales; y en puntos Varios: Se realizo la socializaci\u00f3n punto resolutivo No. 02-2022 del CONADUR.<\/div>\n<\/div>\n<div dir=\"auto\"><\/div>\n<div dir=\"auto\">\n<div><\/div>\n<\/div>\n<div dir=\"auto\"><\/div>\n<div dir=\"auto\"><\/div>\n<div dir=\"auto\"><\/div>\n<div dir=\"auto\"><\/div>\n<div dir=\"auto\"><\/div>\n<p>&nbsp;<\/p>\n","protected":false},"excerpt":{"rendered":"<p>El d\u00eda de hoy se realizo reuni\u00f3n ordinaria de trabajo del CODEDEAV, donde el se\u00f1or Gobernador Departamental, Dr. Fernando Rodr\u00edguez Klarck, en su calidad de presidente del Consejo de Desarrollo, agradeci\u00f3 a los representantes de los diferentes sectores por su participaci\u00f3n en la sesi\u00f3n del d\u00eda de hoy 18 de Febrero, manifestando su disposici\u00f3n de [&hellip;]<\/p>\n","protected":false},"author":1,"featured_media":12417,"comment_status":"closed","ping_status":"open","sticky":false,"template":"","format":"gallery","meta":[],"categories":[194],"tags":[178],"_links":{"self":[{"href":"https:\/\/gobernacionaltaverapaz.gob.gt\/index.php?rest_route=\/wp\/v2\/posts\/12423"}],"collection":[{"href":"https:\/\/gobernacionaltaverapaz.gob.gt\/index.php?rest_route=\/wp\/v2\/posts"}],"about":[{"href":"https:\/\/gobernacionaltaverapaz.gob.gt\/index.php?rest_route=\/wp\/v2\/types\/post"}],"author":[{"embeddable":true,"href":"https:\/\/gobernacionaltaverapaz.gob.gt\/index.php?rest_route=\/wp\/v2\/users\/1"}],"replies":[{"embeddable":true,"href":"https:\/\/gobernacionaltaverapaz.gob.gt\/index.php?rest_route=%2Fwp%2Fv2%2Fcomments&post=12423"}],"version-history":[{"count":3,"href":"https:\/\/gobernacionaltaverapaz.gob.gt\/index.php?rest_route=\/wp\/v2\/posts\/12423\/revisions"}],"predecessor-version":[{"id":12432,"href":"https:\/\/gobernacionaltaverapaz.gob.gt\/index.php?rest_route=\/wp\/v2\/posts\/12423\/revisions\/12432"}],"wp:featuredmedia":[{"embeddable":true,"href":"https:\/\/gobernacionaltaverapaz.gob.gt\/index.php?rest_route=\/wp\/v2\/media\/12417"}],"wp:attachment":[{"href":"https:\/\/gobernacionaltaverapaz.gob.gt\/index.php?rest_route=%2Fwp%2Fv2%2Fmedia&parent=12423"}],"wp:term":[{"taxonomy":"category","embeddable":true,"href":"https:\/\/gobernacionaltaverapaz.gob.gt\/index.php?rest_route=%2Fwp%2Fv2%2Fcategories&post=12423"},{"taxonomy":"post_tag","embeddable":true,"href":"https:\/\/gobernacionaltaverapaz.gob.gt\/index.php?rest_route=%2Fwp%2Fv2%2Ftags&post=12423"}],"curies":[{"name":"wp","href":"https:\/\/api.w.org\/{rel}","templated":true}]}}