{"id":12437,"date":"2022-02-21T11:09:45","date_gmt":"2022-02-21T17:09:45","guid":{"rendered":"https:\/\/gobernacionaltaverapaz.gob.gt\/?p=12437"},"modified":"2022-02-28T13:00:24","modified_gmt":"2022-02-28T19:00:24","slug":"salud-habilitar-ms-de-800-puestos-de-vacunacin-en-alta-verapaz","status":"publish","type":"post","link":"https:\/\/gobernacionaltaverapaz.gob.gt\/?p=12437","title":{"rendered":"Salud habilitar\u00e1 m\u00e1s de 800 puestos de vacunaci\u00f3n en Alta Verapaz"},"content":{"rendered":"<div class=\"cxmmr5t8 oygrvhab hcukyx3x c1et5uql o9v6fnle ii04i59q\">\n<div dir=\"auto\" style=\"text-align: justify;\">Mediante coordinaci\u00f3n interinstitucional, se busca ampliar la cobertura de la inoculaci\u00f3n contra el COVID-19.<\/div>\n<\/div>\n<div class=\"cxmmr5t8 oygrvhab hcukyx3x c1et5uql o9v6fnle ii04i59q\" style=\"text-align: justify;\">\n<div dir=\"auto\">Las estrategias por acercar las dosis contra el COVID-19 a la poblaci\u00f3n son constantes y se refuerzan en lugares donde la poblaci\u00f3n a\u00fan no se decide a recibir el biol\u00f3gico, como Alta Verapaz.<\/div>\n<\/div>\n<div class=\"cxmmr5t8 oygrvhab hcukyx3x c1et5uql o9v6fnle ii04i59q\" style=\"text-align: justify;\">\n<div dir=\"auto\">Autoridades del <a class=\"oajrlxb2 g5ia77u1 qu0x051f esr5mh6w e9989ue4 r7d6kgcz rq0escxv nhd2j8a9 nc684nl6 p7hjln8o kvgmc6g5 cxmmr5t8 oygrvhab hcukyx3x jb3vyjys rz4wbd8a qt6c0cv9 a8nywdso i1ao9s8h esuyzwwr f1sip0of lzcic4wl gpro0wi8 q66pz984 b1v8xokw\" tabindex=\"0\" role=\"link\" href=\"https:\/\/www.facebook.com\/MinisteriodeSaludPublicayAsistenciaSocial\/?__cft__[0]=AZWnNtUK8QE6SLDyIaXfndCG1q9m6KEDeVmaTxfE7Vm33t6qC2lLlAFfmoSdl1yuRONrtWVPpmDjYjRyCYFywGxSie-GfWaWhB8-VoCvfj9zyJ0Cafzi3kyRbgF7Ue76dBUBRwM1C3OUHVHUgOTQFrME&amp;__tn__=kK-R\"><span class=\"nc684nl6\">Ministerio de Salud P\u00fablica y Asistencia Social<\/span><\/a>, gobernaci\u00f3n departamental y <a class=\"oajrlxb2 g5ia77u1 qu0x051f esr5mh6w e9989ue4 r7d6kgcz rq0escxv nhd2j8a9 nc684nl6 p7hjln8o kvgmc6g5 cxmmr5t8 oygrvhab hcukyx3x jb3vyjys rz4wbd8a qt6c0cv9 a8nywdso i1ao9s8h esuyzwwr f1sip0of lzcic4wl gpro0wi8 q66pz984 b1v8xokw\" tabindex=\"0\" role=\"link\" href=\"https:\/\/www.facebook.com\/EjercitoGT\/?__cft__[0]=AZWnNtUK8QE6SLDyIaXfndCG1q9m6KEDeVmaTxfE7Vm33t6qC2lLlAFfmoSdl1yuRONrtWVPpmDjYjRyCYFywGxSie-GfWaWhB8-VoCvfj9zyJ0Cafzi3kyRbgF7Ue76dBUBRwM1C3OUHVHUgOTQFrME&amp;__tn__=kK-R\"><span class=\"nc684nl6\">Ej\u00e9rcito GT Oficial<\/span><\/a>, entre otras instituciones, est\u00e1n comprometidas a aumentar la cobertura de la vacunaci\u00f3n, la cual, hasta ahora, solo abarca al 31.6 % de la poblaci\u00f3n meta con la primera inyecci\u00f3n.<\/div>\n<\/div>\n<div class=\"cxmmr5t8 oygrvhab hcukyx3x c1et5uql o9v6fnle ii04i59q\" style=\"text-align: justify;\">\n<div dir=\"auto\">Como parte de las acciones para lograr ese cometido, se instalar\u00e1n 827 puestos de inoculaci\u00f3n en todo el departamento a partir de este lunes. As\u00ed se dio a conocer durante una conferencia de prensa, en la cual se inst\u00f3 a los vecinos a confiar en la efectividad del biol\u00f3gico.<\/div>\n<\/div>\n<div class=\"cxmmr5t8 oygrvhab hcukyx3x c1et5uql o9v6fnle ii04i59q\" style=\"text-align: justify;\">\n<div dir=\"auto\">Por su parte, el gobernador Fernando Rodr\u00edguez resalt\u00f3 que ampliar la cobertura de la inoculaci\u00f3n permitir\u00e1 retomar actividades sociales, deportivas y de educaci\u00f3n de forma segura. Agreg\u00f3 que mientras m\u00e1s personas cuenten con su esquema completo, menor ser\u00e1 el riesgo de desarrollar casos graves.<\/div>\n<\/div>\n<div class=\"cxmmr5t8 oygrvhab hcukyx3x c1et5uql o9v6fnle ii04i59q\">\n<div dir=\"auto\" style=\"text-align: justify;\">Esto es importante para que podamos ir volviendo a la normalidad y tambi\u00e9n para reactivar nuestra econom\u00eda, manifest\u00f3.<\/div>\n<\/div>\n<div dir=\"auto\"><\/div>\n<div dir=\"auto\">\n<div><\/div>\n<\/div>\n<p>&nbsp;<\/p>\n","protected":false},"excerpt":{"rendered":"<p>Mediante coordinaci\u00f3n interinstitucional, se busca ampliar la cobertura de la inoculaci\u00f3n contra el COVID-19. Las estrategias por acercar las dosis contra el COVID-19 a la poblaci\u00f3n son constantes y se refuerzan en lugares donde la poblaci\u00f3n a\u00fan no se decide a recibir el biol\u00f3gico, como Alta Verapaz. Autoridades del Ministerio de Salud P\u00fablica y Asistencia [&hellip;]<\/p>\n","protected":false},"author":1,"featured_media":12433,"comment_status":"closed","ping_status":"open","sticky":false,"template":"","format":"gallery","meta":[],"categories":[5],"tags":[178],"_links":{"self":[{"href":"https:\/\/gobernacionaltaverapaz.gob.gt\/index.php?rest_route=\/wp\/v2\/posts\/12437"}],"collection":[{"href":"https:\/\/gobernacionaltaverapaz.gob.gt\/index.php?rest_route=\/wp\/v2\/posts"}],"about":[{"href":"https:\/\/gobernacionaltaverapaz.gob.gt\/index.php?rest_route=\/wp\/v2\/types\/post"}],"author":[{"embeddable":true,"href":"https:\/\/gobernacionaltaverapaz.gob.gt\/index.php?rest_route=\/wp\/v2\/users\/1"}],"replies":[{"embeddable":true,"href":"https:\/\/gobernacionaltaverapaz.gob.gt\/index.php?rest_route=%2Fwp%2Fv2%2Fcomments&post=12437"}],"version-history":[{"count":1,"href":"https:\/\/gobernacionaltaverapaz.gob.gt\/index.php?rest_route=\/wp\/v2\/posts\/12437\/revisions"}],"predecessor-version":[{"id":12438,"href":"https:\/\/gobernacionaltaverapaz.gob.gt\/index.php?rest_route=\/wp\/v2\/posts\/12437\/revisions\/12438"}],"wp:featuredmedia":[{"embeddable":true,"href":"https:\/\/gobernacionaltaverapaz.gob.gt\/index.php?rest_route=\/wp\/v2\/media\/12433"}],"wp:attachment":[{"href":"https:\/\/gobernacionaltaverapaz.gob.gt\/index.php?rest_route=%2Fwp%2Fv2%2Fmedia&parent=12437"}],"wp:term":[{"taxonomy":"category","embeddable":true,"href":"https:\/\/gobernacionaltaverapaz.gob.gt\/index.php?rest_route=%2Fwp%2Fv2%2Fcategories&post=12437"},{"taxonomy":"post_tag","embeddable":true,"href":"https:\/\/gobernacionaltaverapaz.gob.gt\/index.php?rest_route=%2Fwp%2Fv2%2Ftags&post=12437"}],"curies":[{"name":"wp","href":"https:\/\/api.w.org\/{rel}","templated":true}]}}