{"id":12467,"date":"2022-02-22T09:30:30","date_gmt":"2022-02-22T15:30:30","guid":{"rendered":"https:\/\/gobernacionaltaverapaz.gob.gt\/?p=12467"},"modified":"2022-02-28T15:01:21","modified_gmt":"2022-02-28T21:01:21","slug":"reunin-de-trabajo-con-mandos-de-la-comisara-51","status":"publish","type":"post","link":"https:\/\/gobernacionaltaverapaz.gob.gt\/?p=12467","title":{"rendered":"Reuni\u00f3n de trabajo con mandos de la Comisar\u00eda 51"},"content":{"rendered":"<div class=\"kvgmc6g5 cxmmr5t8 oygrvhab hcukyx3x c1et5uql ii04i59q\">\n<div dir=\"auto\"><a class=\"oajrlxb2 g5ia77u1 qu0x051f esr5mh6w e9989ue4 r7d6kgcz rq0escxv nhd2j8a9 nc684nl6 p7hjln8o kvgmc6g5 cxmmr5t8 oygrvhab hcukyx3x jb3vyjys rz4wbd8a qt6c0cv9 a8nywdso i1ao9s8h esuyzwwr f1sip0of lzcic4wl gpro0wi8 q66pz984 b1v8xokw\" tabindex=\"0\" role=\"link\" href=\"https:\/\/www.facebook.com\/PoliciaNacionalCivildeGuatemala\/?__cft__[0]=AZVeu15Raz6w-7tge7hC2SuqYJOgk5-bMhhT34iID1c6fM8uG5e8I8MvydtPMWl20uxIG7dRxTfPDsbt-pAhLskW3mEvy6zOV2ySzYEZT67GCUn-icYRHdU298xFCaGyaCujq6LLKSKYg-KYvouqeNJu&amp;__tn__=kK-R\"><span class=\"nc684nl6\">PNCdeGuatemala<\/span><\/a> informa sobre acciones de seguridad ciudadana en Alta Verapaz.<\/div>\n<\/div>\n<div class=\"cxmmr5t8 oygrvhab hcukyx3x c1et5uql o9v6fnle ii04i59q\">\n<div dir=\"auto\">El se\u00f1or Gobernador Departamental. Dr. Fernando Rodr\u00edguez Klarck, sostuvo reuni\u00f3n de trabajo con mandos de la Comisar\u00eda 51, en la cual se dieron a conocer los resultados de las acciones implementadas por los elementos en el segundo mes del a\u00f1o.<\/div>\n<\/div>\n<div class=\"cxmmr5t8 oygrvhab hcukyx3x c1et5uql o9v6fnle ii04i59q\">\n<div dir=\"auto\">En la reuni\u00f3n se present\u00f3 el informe de hechos positivos y hechos delictivos del 15 al 21 de febrero del presente a\u00f1o.<\/div>\n<\/div>\n<div class=\"cxmmr5t8 oygrvhab hcukyx3x c1et5uql o9v6fnle ii04i59q\">\n<div dir=\"auto\">HECHOS POSITIVOS:<\/div>\n<\/div>\n<div class=\"cxmmr5t8 oygrvhab hcukyx3x c1et5uql o9v6fnle ii04i59q\">\n<div dir=\"auto\">Detenidos en flagrancia: 92<\/div>\n<div dir=\"auto\">Armas de fuegos incautadas: 1<\/div>\n<div dir=\"auto\">Allanamientos Realizados: 4<\/div>\n<div dir=\"auto\">Total de hechos: 98<\/div>\n<\/div>\n<div class=\"cxmmr5t8 oygrvhab hcukyx3x c1et5uql o9v6fnle ii04i59q\">\n<div dir=\"auto\">HECHOS DELICTIVOS:<\/div>\n<\/div>\n<div class=\"cxmmr5t8 oygrvhab hcukyx3x c1et5uql o9v6fnle ii04i59q\">\n<div dir=\"auto\">Fallecidos A\/Fuego: 1<\/div>\n<div dir=\"auto\">Heridos A\/Fuego: 2<\/div>\n<div dir=\"auto\">Total General: 3<\/div>\n<\/div>\n<div class=\"cxmmr5t8 oygrvhab hcukyx3x c1et5uql o9v6fnle ii04i59q\">\n<div dir=\"auto\" style=\"text-align: justify;\">Con el objetivo de mantener una tendencia a la disminuci\u00f3n, los efectivos policiales desarrollan diferentes acciones para prevenir la violencia y el delito en los distintos municipios de nuestro Departamento.<\/div>\n<\/div>\n<div dir=\"auto\"><\/div>\n<div dir=\"auto\"><\/div>\n<div><\/div>\n","protected":false},"excerpt":{"rendered":"<p>PNCdeGuatemala informa sobre acciones de seguridad ciudadana en Alta Verapaz. El se\u00f1or Gobernador Departamental. Dr. Fernando Rodr\u00edguez Klarck, sostuvo reuni\u00f3n de trabajo con mandos de la Comisar\u00eda 51, en la cual se dieron a conocer los resultados de las acciones implementadas por los elementos en el segundo mes del a\u00f1o. En la reuni\u00f3n se present\u00f3 [&hellip;]<\/p>\n","protected":false},"author":1,"featured_media":12469,"comment_status":"closed","ping_status":"open","sticky":false,"template":"","format":"gallery","meta":[],"categories":[194,1],"tags":[178],"_links":{"self":[{"href":"https:\/\/gobernacionaltaverapaz.gob.gt\/index.php?rest_route=\/wp\/v2\/posts\/12467"}],"collection":[{"href":"https:\/\/gobernacionaltaverapaz.gob.gt\/index.php?rest_route=\/wp\/v2\/posts"}],"about":[{"href":"https:\/\/gobernacionaltaverapaz.gob.gt\/index.php?rest_route=\/wp\/v2\/types\/post"}],"author":[{"embeddable":true,"href":"https:\/\/gobernacionaltaverapaz.gob.gt\/index.php?rest_route=\/wp\/v2\/users\/1"}],"replies":[{"embeddable":true,"href":"https:\/\/gobernacionaltaverapaz.gob.gt\/index.php?rest_route=%2Fwp%2Fv2%2Fcomments&post=12467"}],"version-history":[{"count":3,"href":"https:\/\/gobernacionaltaverapaz.gob.gt\/index.php?rest_route=\/wp\/v2\/posts\/12467\/revisions"}],"predecessor-version":[{"id":12475,"href":"https:\/\/gobernacionaltaverapaz.gob.gt\/index.php?rest_route=\/wp\/v2\/posts\/12467\/revisions\/12475"}],"wp:featuredmedia":[{"embeddable":true,"href":"https:\/\/gobernacionaltaverapaz.gob.gt\/index.php?rest_route=\/wp\/v2\/media\/12469"}],"wp:attachment":[{"href":"https:\/\/gobernacionaltaverapaz.gob.gt\/index.php?rest_route=%2Fwp%2Fv2%2Fmedia&parent=12467"}],"wp:term":[{"taxonomy":"category","embeddable":true,"href":"https:\/\/gobernacionaltaverapaz.gob.gt\/index.php?rest_route=%2Fwp%2Fv2%2Fcategories&post=12467"},{"taxonomy":"post_tag","embeddable":true,"href":"https:\/\/gobernacionaltaverapaz.gob.gt\/index.php?rest_route=%2Fwp%2Fv2%2Ftags&post=12467"}],"curies":[{"name":"wp","href":"https:\/\/api.w.org\/{rel}","templated":true}]}}