{"id":12492,"date":"2022-02-24T08:22:06","date_gmt":"2022-02-24T14:22:06","guid":{"rendered":"https:\/\/gobernacionaltaverapaz.gob.gt\/?p=12492"},"modified":"2022-02-28T15:16:37","modified_gmt":"2022-02-28T21:16:37","slug":"diligencias-judiciales-realizadas-en-la-finca-temal-chirremox-del-municipio-de-cobn-alta-verapaz","status":"publish","type":"post","link":"https:\/\/gobernacionaltaverapaz.gob.gt\/?p=12492","title":{"rendered":"Diligencias judiciales, realizadas en la finca Temal, Chirremox del municipio de Cob\u00e1n, Alta Verapaz"},"content":{"rendered":"<div class=\"cxmmr5t8 oygrvhab hcukyx3x c1et5uql o9v6fnle ii04i59q\">\n<div dir=\"auto\" style=\"text-align: justify;\">El se\u00f1or Gobernador Departamental Dr. Fernando Rodr\u00edguez Klarck, brind\u00f3 acompa\u00f1amiento a la se\u00f1ora Juez de Paz Penal del municipio de Cob\u00e1n, A.V. quienes procedieron a dar cumplimiento a la diligencia seg\u00fan causa numero 16012 -2022-00385, firmada por la Jueza judicante.<\/div>\n<\/div>\n<div class=\"cxmmr5t8 oygrvhab hcukyx3x c1et5uql o9v6fnle ii04i59q\">\n<div dir=\"auto\" style=\"text-align: justify;\">En finca temal Chirremox del municipio de Cob\u00e1n, Alta Verapaz, se desarroll\u00f3 diligencia de exhibici\u00f3n personal a favor de los se\u00f1ores: Jose Alfredo Caal, Carlos Caal y otras 30 familias quienes viven en la referida finca, quienes manifestaron que eran objeto de amenaza de muerte por parte de un grupo de aproximadamente 100 familias de la organizaci\u00f3n Comit\u00e9 de Unidad Campesina CUC quienes usurparon la Finca en menci\u00f3n; en la diligencia se entabl\u00f3 di\u00e1logo con el grupo de aproximadamente 100 familias de la Organizaci\u00f3n CUC, donde el se\u00f1or Gobernador y se\u00f1ora Jueza sugirieron evitar amenazas y agresiones entre ambas agrupaciones y respetar sus \u00e1reas lim\u00edtrofes donde se asientan actualmente, mientras se realizan los procesos legales para la obtenci\u00f3n de las tierras por medio de los entes competentes, llegando a un acuerdo de respeto mutuo entre ambas partes.<\/div>\n<\/div>\n<div dir=\"auto\"><\/div>\n<div dir=\"auto\"><\/div>\n<div dir=\"auto\">\n<div><\/div>\n<\/div>\n<p>&nbsp;<\/p>\n","protected":false},"excerpt":{"rendered":"<p>El se\u00f1or Gobernador Departamental Dr. Fernando Rodr\u00edguez Klarck, brind\u00f3 acompa\u00f1amiento a la se\u00f1ora Juez de Paz Penal del municipio de Cob\u00e1n, A.V. quienes procedieron a dar cumplimiento a la diligencia seg\u00fan causa numero 16012 -2022-00385, firmada por la Jueza judicante. En finca temal Chirremox del municipio de Cob\u00e1n, Alta Verapaz, se desarroll\u00f3 diligencia de exhibici\u00f3n [&hellip;]<\/p>\n","protected":false},"author":1,"featured_media":12483,"comment_status":"closed","ping_status":"open","sticky":false,"template":"","format":"gallery","meta":[],"categories":[194],"tags":[178],"_links":{"self":[{"href":"https:\/\/gobernacionaltaverapaz.gob.gt\/index.php?rest_route=\/wp\/v2\/posts\/12492"}],"collection":[{"href":"https:\/\/gobernacionaltaverapaz.gob.gt\/index.php?rest_route=\/wp\/v2\/posts"}],"about":[{"href":"https:\/\/gobernacionaltaverapaz.gob.gt\/index.php?rest_route=\/wp\/v2\/types\/post"}],"author":[{"embeddable":true,"href":"https:\/\/gobernacionaltaverapaz.gob.gt\/index.php?rest_route=\/wp\/v2\/users\/1"}],"replies":[{"embeddable":true,"href":"https:\/\/gobernacionaltaverapaz.gob.gt\/index.php?rest_route=%2Fwp%2Fv2%2Fcomments&post=12492"}],"version-history":[{"count":1,"href":"https:\/\/gobernacionaltaverapaz.gob.gt\/index.php?rest_route=\/wp\/v2\/posts\/12492\/revisions"}],"predecessor-version":[{"id":12493,"href":"https:\/\/gobernacionaltaverapaz.gob.gt\/index.php?rest_route=\/wp\/v2\/posts\/12492\/revisions\/12493"}],"wp:featuredmedia":[{"embeddable":true,"href":"https:\/\/gobernacionaltaverapaz.gob.gt\/index.php?rest_route=\/wp\/v2\/media\/12483"}],"wp:attachment":[{"href":"https:\/\/gobernacionaltaverapaz.gob.gt\/index.php?rest_route=%2Fwp%2Fv2%2Fmedia&parent=12492"}],"wp:term":[{"taxonomy":"category","embeddable":true,"href":"https:\/\/gobernacionaltaverapaz.gob.gt\/index.php?rest_route=%2Fwp%2Fv2%2Fcategories&post=12492"},{"taxonomy":"post_tag","embeddable":true,"href":"https:\/\/gobernacionaltaverapaz.gob.gt\/index.php?rest_route=%2Fwp%2Fv2%2Ftags&post=12492"}],"curies":[{"name":"wp","href":"https:\/\/api.w.org\/{rel}","templated":true}]}}