{"id":12551,"date":"2022-03-10T09:08:45","date_gmt":"2022-03-10T15:08:45","guid":{"rendered":"https:\/\/gobernacionaltaverapaz.gob.gt\/?p=12551"},"modified":"2022-03-10T12:15:23","modified_gmt":"2022-03-10T18:15:23","slug":"mesa-tcnica-de-dilogo-en-alza-de-pasaje-de-transporte-urbano-de-cobn-alta-verapaz-2","status":"publish","type":"post","link":"https:\/\/gobernacionaltaverapaz.gob.gt\/?p=12551","title":{"rendered":"Mesa T\u00e9cnica de Di\u00e1logo en alza de pasaje de transporte urbano de Cob\u00e1n, Alta Verapaz"},"content":{"rendered":"<div class=\"cxmmr5t8 oygrvhab hcukyx3x c1et5uql o9v6fnle ii04i59q\">\n<div dir=\"auto\" style=\"text-align: justify;\">La Municipalidad de Cob\u00e1n, por medio de la Comisi\u00f3n de Servicios, Urbanismo, Transporte y Vivienda del Concejo Municipal, contin\u00faa mesa de di\u00e1logo ante petici\u00f3n de incremento al valor del transporte urbano, actividad donde se socializo las propuestas de los transportistas urbanos, se escucho la argumentaci\u00f3n de cada sector y se estableci\u00f3 una propuesta que ser\u00e1 consensuada con los COCODES de segundo nivel.<\/div>\n<\/div>\n<div class=\"cxmmr5t8 oygrvhab hcukyx3x c1et5uql o9v6fnle ii04i59q\" style=\"text-align: justify;\">\n<div dir=\"auto\">En la Reuni\u00f3n la Licenciada Jur\u00eddica de la Municipalidad de Coban aclaro sobre la participaci\u00f3n de los COCODES en este proceso, mencionando el articulo 253 de la Constituci\u00f3n Pol\u00edtica de la Rep\u00fablica de Guatemala, los art\u00edculos 3 y 7 del C\u00f3digo Municipal y 14 de la ley de Consejos de Desarrollo Urbano y Rural; ademas menciono que que lo establecido en los art\u00edculos 14.1, 14.2, 29, 29.8, del Reglamento de Transporte urbano de la Municipalidad, que establece que que es la corporaci\u00f3n Municipal la que debe establecer el pasaje del transporte urbano.<\/div>\n<\/div>\n<div class=\"cxmmr5t8 oygrvhab hcukyx3x c1et5uql o9v6fnle ii04i59q\">\n<div dir=\"auto\" style=\"text-align: justify;\">En la mesa de dialogo tuvo presencia la Gerencia de Programas de Seguridad Ciudadana de la Municipalidad de Coban, Delegado Departamental de Derechos Humanos, representantes de Direcci\u00f3n de Asistencia al Consumidor -DIACO-, representantes de Gobernaci\u00f3n Departamental y el Se\u00f1or Gobernador Departamental Dr. Fernando Rodr\u00edguez Klarck, Departamento Jur\u00eddico Municipal y representante legal de la Asociaci\u00f3n de Transporte Urbano de Cob\u00e1n -TRANSURCO-.<\/div>\n<\/div>\n<div dir=\"auto\"><\/div>\n<div dir=\"auto\"><\/div>\n<div dir=\"auto\">\n<div><\/div>\n<\/div>\n<p>&nbsp;<\/p>\n","protected":false},"excerpt":{"rendered":"<p>La Municipalidad de Cob\u00e1n, por medio de la Comisi\u00f3n de Servicios, Urbanismo, Transporte y Vivienda del Concejo Municipal, contin\u00faa mesa de di\u00e1logo ante petici\u00f3n de incremento al valor del transporte urbano, actividad donde se socializo las propuestas de los transportistas urbanos, se escucho la argumentaci\u00f3n de cada sector y se estableci\u00f3 una propuesta que ser\u00e1 [&hellip;]<\/p>\n","protected":false},"author":1,"featured_media":12547,"comment_status":"closed","ping_status":"open","sticky":false,"template":"","format":"gallery","meta":[],"categories":[194],"tags":[178],"_links":{"self":[{"href":"https:\/\/gobernacionaltaverapaz.gob.gt\/index.php?rest_route=\/wp\/v2\/posts\/12551"}],"collection":[{"href":"https:\/\/gobernacionaltaverapaz.gob.gt\/index.php?rest_route=\/wp\/v2\/posts"}],"about":[{"href":"https:\/\/gobernacionaltaverapaz.gob.gt\/index.php?rest_route=\/wp\/v2\/types\/post"}],"author":[{"embeddable":true,"href":"https:\/\/gobernacionaltaverapaz.gob.gt\/index.php?rest_route=\/wp\/v2\/users\/1"}],"replies":[{"embeddable":true,"href":"https:\/\/gobernacionaltaverapaz.gob.gt\/index.php?rest_route=%2Fwp%2Fv2%2Fcomments&post=12551"}],"version-history":[{"count":1,"href":"https:\/\/gobernacionaltaverapaz.gob.gt\/index.php?rest_route=\/wp\/v2\/posts\/12551\/revisions"}],"predecessor-version":[{"id":12552,"href":"https:\/\/gobernacionaltaverapaz.gob.gt\/index.php?rest_route=\/wp\/v2\/posts\/12551\/revisions\/12552"}],"wp:featuredmedia":[{"embeddable":true,"href":"https:\/\/gobernacionaltaverapaz.gob.gt\/index.php?rest_route=\/wp\/v2\/media\/12547"}],"wp:attachment":[{"href":"https:\/\/gobernacionaltaverapaz.gob.gt\/index.php?rest_route=%2Fwp%2Fv2%2Fmedia&parent=12551"}],"wp:term":[{"taxonomy":"category","embeddable":true,"href":"https:\/\/gobernacionaltaverapaz.gob.gt\/index.php?rest_route=%2Fwp%2Fv2%2Fcategories&post=12551"},{"taxonomy":"post_tag","embeddable":true,"href":"https:\/\/gobernacionaltaverapaz.gob.gt\/index.php?rest_route=%2Fwp%2Fv2%2Ftags&post=12551"}],"curies":[{"name":"wp","href":"https:\/\/api.w.org\/{rel}","templated":true}]}}