{"id":12575,"date":"2022-03-08T19:02:40","date_gmt":"2022-03-09T01:02:40","guid":{"rendered":"https:\/\/gobernacionaltaverapaz.gob.gt\/?p=12575"},"modified":"2022-04-01T15:21:00","modified_gmt":"2022-04-01T21:21:00","slug":"socializacin-de-protocolo-operativo-del-sistema-nacional-de-prevencin-de-semana-santa-sinaprese-2022","status":"publish","type":"post","link":"https:\/\/gobernacionaltaverapaz.gob.gt\/?p=12575","title":{"rendered":"Socializaci\u00f3n de protocolo operativo del Sistema Nacional de Prevenci\u00f3n de Semana Santa -SINAPRESE 2022-"},"content":{"rendered":"<div class=\"cxmmr5t8 oygrvhab hcukyx3x c1et5uql o9v6fnle ii04i59q\">\n<div dir=\"auto\" style=\"text-align: justify;\">El grupo de toma de desiciones del Centro de Operaciones de Emergencias de Alta Verapaz -COEAV-, presidida por el Dr. Fernando Rodr\u00edguez Klarck, Gobernador y Director del COEAV, realizo reuni\u00f3n de trabajo con el fin de socializar el protocolo en menci\u00f3n; mismo que representa un trabajo anticipado ante la \u00e9poca de Semana Santa, para prevenir, mitigar y responder a eventos generadores de situaciones de riesgo, emergencias o desastres (RED).<\/div>\n<\/div>\n<div class=\"cxmmr5t8 oygrvhab hcukyx3x c1et5uql o9v6fnle ii04i59q\" style=\"text-align: justify;\">\n<div dir=\"auto\">Las instituciones presentes, forman parte de las acciones a tomar durante sistema escalonado de respuesta que se establece en el Plan Nacional de Respuesta (PNR).<\/div>\n<\/div>\n<div class=\"cxmmr5t8 oygrvhab hcukyx3x c1et5uql o9v6fnle ii04i59q\">\n<div dir=\"auto\" style=\"text-align: justify;\">Se establecer\u00e1n 15 campamentos a nivel nacional brindando los siguientes servicios a la poblaci\u00f3n, a trav\u00e9s de las instituciones rectoras; Puestos de control y prevenci\u00f3n, campamentos, atenci\u00f3n prehospitalaria, seguridad, informaci\u00f3n y atenci\u00f3n vial. Cumpliendo con el Acuerdo Ministerial 229-2020 del MSPAS y Acuerdo Gubernativo 150-2020.<\/div>\n<\/div>\n<div dir=\"auto\"><\/div>\n<div dir=\"auto\">\n<div>\n<div><\/div>\n<\/div>\n<\/div>\n<p>&nbsp;<\/p>\n","protected":false},"excerpt":{"rendered":"<p>El grupo de toma de desiciones del Centro de Operaciones de Emergencias de Alta Verapaz -COEAV-, presidida por el Dr. Fernando Rodr\u00edguez Klarck, Gobernador y Director del COEAV, realizo reuni\u00f3n de trabajo con el fin de socializar el protocolo en menci\u00f3n; mismo que representa un trabajo anticipado ante la \u00e9poca de Semana Santa, para prevenir, [&hellip;]<\/p>\n","protected":false},"author":1,"featured_media":12570,"comment_status":"closed","ping_status":"open","sticky":false,"template":"","format":"gallery","meta":[],"categories":[194],"tags":[178],"_links":{"self":[{"href":"https:\/\/gobernacionaltaverapaz.gob.gt\/index.php?rest_route=\/wp\/v2\/posts\/12575"}],"collection":[{"href":"https:\/\/gobernacionaltaverapaz.gob.gt\/index.php?rest_route=\/wp\/v2\/posts"}],"about":[{"href":"https:\/\/gobernacionaltaverapaz.gob.gt\/index.php?rest_route=\/wp\/v2\/types\/post"}],"author":[{"embeddable":true,"href":"https:\/\/gobernacionaltaverapaz.gob.gt\/index.php?rest_route=\/wp\/v2\/users\/1"}],"replies":[{"embeddable":true,"href":"https:\/\/gobernacionaltaverapaz.gob.gt\/index.php?rest_route=%2Fwp%2Fv2%2Fcomments&post=12575"}],"version-history":[{"count":2,"href":"https:\/\/gobernacionaltaverapaz.gob.gt\/index.php?rest_route=\/wp\/v2\/posts\/12575\/revisions"}],"predecessor-version":[{"id":12687,"href":"https:\/\/gobernacionaltaverapaz.gob.gt\/index.php?rest_route=\/wp\/v2\/posts\/12575\/revisions\/12687"}],"wp:featuredmedia":[{"embeddable":true,"href":"https:\/\/gobernacionaltaverapaz.gob.gt\/index.php?rest_route=\/wp\/v2\/media\/12570"}],"wp:attachment":[{"href":"https:\/\/gobernacionaltaverapaz.gob.gt\/index.php?rest_route=%2Fwp%2Fv2%2Fmedia&parent=12575"}],"wp:term":[{"taxonomy":"category","embeddable":true,"href":"https:\/\/gobernacionaltaverapaz.gob.gt\/index.php?rest_route=%2Fwp%2Fv2%2Fcategories&post=12575"},{"taxonomy":"post_tag","embeddable":true,"href":"https:\/\/gobernacionaltaverapaz.gob.gt\/index.php?rest_route=%2Fwp%2Fv2%2Ftags&post=12575"}],"curies":[{"name":"wp","href":"https:\/\/api.w.org\/{rel}","templated":true}]}}