{"id":12581,"date":"2022-03-07T13:43:50","date_gmt":"2022-03-07T19:43:50","guid":{"rendered":"https:\/\/gobernacionaltaverapaz.gob.gt\/?p=12581"},"modified":"2022-03-10T15:23:41","modified_gmt":"2022-03-10T21:23:41","slug":"foro-parlamentario-de-inteligencia-seguridad-en-el-congreso-de-la-repblica","status":"publish","type":"post","link":"https:\/\/gobernacionaltaverapaz.gob.gt\/?p=12581","title":{"rendered":"Foro Parlamentario De Inteligencia Y Seguridad en el Congreso de la Rep\u00fablica"},"content":{"rendered":"<p style=\"text-align: justify;\">Guate Segura | El presidente Alejandro Giammattei particip\u00f3 esta ma\u00f1ana en el Foro Parlamentario De Inteligencia Y Seguridad en el Congreso de la Rep\u00fablica, donde se abordaron temas relacionados a corrupci\u00f3n y crimen organizado transnacional. Indic\u00f3 que estos factores son una amenaza para la prosperidad social y econ\u00f3mica de Guatemala y los pa\u00edses de la regi\u00f3n; se\u00f1alando que la seguridad es condici\u00f3n determinante para el desarrollo. Reiter\u00f3 su compromiso de fortalecer y ampliar los esfuerzos que como regi\u00f3n se realizan, para erradicar y combatir esos flagelos.<\/p>\n<p>&nbsp;<\/p>\n<p><img decoding=\"async\" loading=\"lazy\" class=\"alignnone size-full wp-image-12582\" src=\"https:\/\/gobernacionaltaverapaz.gob.gt\/wp-content\/uploads\/2022\/03\/02-5.jpg\" alt=\"\" width=\"900\" height=\"600\" srcset=\"https:\/\/gobernacionaltaverapaz.gob.gt\/wp-content\/uploads\/2022\/03\/02-5.jpg 900w, https:\/\/gobernacionaltaverapaz.gob.gt\/wp-content\/uploads\/2022\/03\/02-5-300x200.jpg 300w, https:\/\/gobernacionaltaverapaz.gob.gt\/wp-content\/uploads\/2022\/03\/02-5-768x512.jpg 768w\" sizes=\"(max-width: 900px) 100vw, 900px\" \/><\/p>\n","protected":false},"excerpt":{"rendered":"<p>Guate Segura | El presidente Alejandro Giammattei particip\u00f3 esta ma\u00f1ana en el Foro Parlamentario De Inteligencia Y Seguridad en el Congreso de la Rep\u00fablica, donde se abordaron temas relacionados a corrupci\u00f3n y crimen organizado transnacional. Indic\u00f3 que estos factores son una amenaza para la prosperidad social y econ\u00f3mica de Guatemala y los pa\u00edses de la [&hellip;]<\/p>\n","protected":false},"author":1,"featured_media":12583,"comment_status":"closed","ping_status":"open","sticky":false,"template":"","format":"gallery","meta":[],"categories":[194],"tags":[178],"_links":{"self":[{"href":"https:\/\/gobernacionaltaverapaz.gob.gt\/index.php?rest_route=\/wp\/v2\/posts\/12581"}],"collection":[{"href":"https:\/\/gobernacionaltaverapaz.gob.gt\/index.php?rest_route=\/wp\/v2\/posts"}],"about":[{"href":"https:\/\/gobernacionaltaverapaz.gob.gt\/index.php?rest_route=\/wp\/v2\/types\/post"}],"author":[{"embeddable":true,"href":"https:\/\/gobernacionaltaverapaz.gob.gt\/index.php?rest_route=\/wp\/v2\/users\/1"}],"replies":[{"embeddable":true,"href":"https:\/\/gobernacionaltaverapaz.gob.gt\/index.php?rest_route=%2Fwp%2Fv2%2Fcomments&post=12581"}],"version-history":[{"count":1,"href":"https:\/\/gobernacionaltaverapaz.gob.gt\/index.php?rest_route=\/wp\/v2\/posts\/12581\/revisions"}],"predecessor-version":[{"id":12584,"href":"https:\/\/gobernacionaltaverapaz.gob.gt\/index.php?rest_route=\/wp\/v2\/posts\/12581\/revisions\/12584"}],"wp:featuredmedia":[{"embeddable":true,"href":"https:\/\/gobernacionaltaverapaz.gob.gt\/index.php?rest_route=\/wp\/v2\/media\/12583"}],"wp:attachment":[{"href":"https:\/\/gobernacionaltaverapaz.gob.gt\/index.php?rest_route=%2Fwp%2Fv2%2Fmedia&parent=12581"}],"wp:term":[{"taxonomy":"category","embeddable":true,"href":"https:\/\/gobernacionaltaverapaz.gob.gt\/index.php?rest_route=%2Fwp%2Fv2%2Fcategories&post=12581"},{"taxonomy":"post_tag","embeddable":true,"href":"https:\/\/gobernacionaltaverapaz.gob.gt\/index.php?rest_route=%2Fwp%2Fv2%2Ftags&post=12581"}],"curies":[{"name":"wp","href":"https:\/\/api.w.org\/{rel}","templated":true}]}}