{"id":12597,"date":"2022-02-24T16:08:14","date_gmt":"2022-02-24T22:08:14","guid":{"rendered":"https:\/\/gobernacionaltaverapaz.gob.gt\/?p=12597"},"modified":"2022-03-10T15:56:46","modified_gmt":"2022-03-10T21:56:46","slug":"reunin-con-directores-jefes-coordinadores-de-las-diferentes-instituciones-del-gobierno-departamental","status":"publish","type":"post","link":"https:\/\/gobernacionaltaverapaz.gob.gt\/?p=12597","title":{"rendered":"Reuni\u00f3n con Directores, jefes y coordinadores de las diferentes instituciones del Gobierno Departamental."},"content":{"rendered":"<p style=\"text-align: justify;\">Guate Avanza | El se\u00f1or Gobernador Departamental Dr. Fernando Rodr\u00edguez Klarck, sostuvo reuni\u00f3n con Directores, jefes y coordinadores de las diferentes instituciones del Gobierno Departamental.<br \/>\nCon el objetivo de coordinar, alinear y articular acciones administrativas y t\u00e9cnicas para garantizar la Gobernabilidad y convivencia pac\u00edfica en la poblaci\u00f3n Alta Verapacense.<br \/>\nEn la reuni\u00f3n estuvieron presentes: MAGA, CONAP, INAB, MARN, FONDO DE TIERRAS, DIPRONA, PNC, PDH, COPADEH y PGN.<\/p>\n<p>&nbsp;<\/p>\n<div><\/div>\n<p>&nbsp;<\/p>\n","protected":false},"excerpt":{"rendered":"<p>Guate Avanza | El se\u00f1or Gobernador Departamental Dr. Fernando Rodr\u00edguez Klarck, sostuvo reuni\u00f3n con Directores, jefes y coordinadores de las diferentes instituciones del Gobierno Departamental. Con el objetivo de coordinar, alinear y articular acciones administrativas y t\u00e9cnicas para garantizar la Gobernabilidad y convivencia pac\u00edfica en la poblaci\u00f3n Alta Verapacense. En la reuni\u00f3n estuvieron presentes: MAGA, [&hellip;]<\/p>\n","protected":false},"author":1,"featured_media":12592,"comment_status":"closed","ping_status":"open","sticky":false,"template":"","format":"gallery","meta":[],"categories":[194],"tags":[178],"_links":{"self":[{"href":"https:\/\/gobernacionaltaverapaz.gob.gt\/index.php?rest_route=\/wp\/v2\/posts\/12597"}],"collection":[{"href":"https:\/\/gobernacionaltaverapaz.gob.gt\/index.php?rest_route=\/wp\/v2\/posts"}],"about":[{"href":"https:\/\/gobernacionaltaverapaz.gob.gt\/index.php?rest_route=\/wp\/v2\/types\/post"}],"author":[{"embeddable":true,"href":"https:\/\/gobernacionaltaverapaz.gob.gt\/index.php?rest_route=\/wp\/v2\/users\/1"}],"replies":[{"embeddable":true,"href":"https:\/\/gobernacionaltaverapaz.gob.gt\/index.php?rest_route=%2Fwp%2Fv2%2Fcomments&post=12597"}],"version-history":[{"count":1,"href":"https:\/\/gobernacionaltaverapaz.gob.gt\/index.php?rest_route=\/wp\/v2\/posts\/12597\/revisions"}],"predecessor-version":[{"id":12598,"href":"https:\/\/gobernacionaltaverapaz.gob.gt\/index.php?rest_route=\/wp\/v2\/posts\/12597\/revisions\/12598"}],"wp:featuredmedia":[{"embeddable":true,"href":"https:\/\/gobernacionaltaverapaz.gob.gt\/index.php?rest_route=\/wp\/v2\/media\/12592"}],"wp:attachment":[{"href":"https:\/\/gobernacionaltaverapaz.gob.gt\/index.php?rest_route=%2Fwp%2Fv2%2Fmedia&parent=12597"}],"wp:term":[{"taxonomy":"category","embeddable":true,"href":"https:\/\/gobernacionaltaverapaz.gob.gt\/index.php?rest_route=%2Fwp%2Fv2%2Fcategories&post=12597"},{"taxonomy":"post_tag","embeddable":true,"href":"https:\/\/gobernacionaltaverapaz.gob.gt\/index.php?rest_route=%2Fwp%2Fv2%2Ftags&post=12597"}],"curies":[{"name":"wp","href":"https:\/\/api.w.org\/{rel}","templated":true}]}}