{"id":12607,"date":"2022-03-01T10:46:46","date_gmt":"2022-03-01T16:46:46","guid":{"rendered":"https:\/\/gobernacionaltaverapaz.gob.gt\/?p=12607"},"modified":"2022-03-10T16:13:02","modified_gmt":"2022-03-10T22:13:02","slug":"abordaje-del-caso-san-jos-la-colonia","status":"publish","type":"post","link":"https:\/\/gobernacionaltaverapaz.gob.gt\/?p=12607","title":{"rendered":"Abordaje del caso San Jos\u00e9 la colonia"},"content":{"rendered":"<div class=\"cxmmr5t8 oygrvhab hcukyx3x c1et5uql o9v6fnle ii04i59q\">\n<div dir=\"auto\" style=\"text-align: justify;\">El se\u00f1or Gobernador Departamental Dr. Fernando Rodr\u00edguez Klarck, en cumplimiento a los acuerdos adquiridos en la reuni\u00f3n del siete de febrero del presente a\u00f1o se sostuvo nuevamente una reuni\u00f3n con el prop\u00f3sito de hacer la presentaci\u00f3n de avances de las diligencias de las instituciones abordando los siguientes temas :<\/div>\n<\/div>\n<div class=\"cxmmr5t8 oygrvhab hcukyx3x c1et5uql o9v6fnle ii04i59q\" style=\"text-align: justify;\">\n<div dir=\"auto\">Agua: El Ministerio de salud inform\u00f3 que el agua del \u00e1rea es apta el consumo humano en la red de distribuci\u00f3n.<\/div>\n<\/div>\n<div class=\"cxmmr5t8 oygrvhab hcukyx3x c1et5uql o9v6fnle ii04i59q\" style=\"text-align: justify;\">\n<div dir=\"auto\">PROTECCI\u00d3N DEL \u00c1REA VERDE Y DERECHOS AMBIENTALES: Se estar\u00e1 coordinando con PNC, DIPRONA y Gobernaci\u00f3n para las alertas que se tengan que realizar y la coordinaci\u00f3n de patrullajes constantes en las \u00e1reas consignadas en la reuni\u00f3n.<\/div>\n<\/div>\n<div class=\"cxmmr5t8 oygrvhab hcukyx3x c1et5uql o9v6fnle ii04i59q\" style=\"text-align: justify;\">\n<div dir=\"auto\">SEGURIDAD: PNC informa que ha dado seguridad al grupo y que ha realizado rondas en las \u00e1reas de conflicto.<\/div>\n<\/div>\n<div class=\"cxmmr5t8 oygrvhab hcukyx3x c1et5uql o9v6fnle ii04i59q\">\n<div dir=\"auto\" style=\"text-align: justify;\">DENUNCIAS ANTE EL MP: PGN indic\u00f3 que el proceso ya est\u00e1 apersonada dentro de los procesos de inspecci\u00f3n ocular con el Ministerio P\u00fablico de la misma manera el MAGA como encargado de la administraci\u00f3n, tambi\u00e9n es parte del proceso.<\/div>\n<\/div>\n<div dir=\"auto\"><\/div>\n<div dir=\"auto\"><\/div>\n<div dir=\"auto\"><\/div>\n<div dir=\"auto\">\n<div><\/div>\n<\/div>\n<p>&nbsp;<\/p>\n","protected":false},"excerpt":{"rendered":"<p>El se\u00f1or Gobernador Departamental Dr. Fernando Rodr\u00edguez Klarck, en cumplimiento a los acuerdos adquiridos en la reuni\u00f3n del siete de febrero del presente a\u00f1o se sostuvo nuevamente una reuni\u00f3n con el prop\u00f3sito de hacer la presentaci\u00f3n de avances de las diligencias de las instituciones abordando los siguientes temas : Agua: El Ministerio de salud inform\u00f3 [&hellip;]<\/p>\n","protected":false},"author":1,"featured_media":12599,"comment_status":"closed","ping_status":"open","sticky":false,"template":"","format":"gallery","meta":[],"categories":[194],"tags":[178],"_links":{"self":[{"href":"https:\/\/gobernacionaltaverapaz.gob.gt\/index.php?rest_route=\/wp\/v2\/posts\/12607"}],"collection":[{"href":"https:\/\/gobernacionaltaverapaz.gob.gt\/index.php?rest_route=\/wp\/v2\/posts"}],"about":[{"href":"https:\/\/gobernacionaltaverapaz.gob.gt\/index.php?rest_route=\/wp\/v2\/types\/post"}],"author":[{"embeddable":true,"href":"https:\/\/gobernacionaltaverapaz.gob.gt\/index.php?rest_route=\/wp\/v2\/users\/1"}],"replies":[{"embeddable":true,"href":"https:\/\/gobernacionaltaverapaz.gob.gt\/index.php?rest_route=%2Fwp%2Fv2%2Fcomments&post=12607"}],"version-history":[{"count":1,"href":"https:\/\/gobernacionaltaverapaz.gob.gt\/index.php?rest_route=\/wp\/v2\/posts\/12607\/revisions"}],"predecessor-version":[{"id":12608,"href":"https:\/\/gobernacionaltaverapaz.gob.gt\/index.php?rest_route=\/wp\/v2\/posts\/12607\/revisions\/12608"}],"wp:featuredmedia":[{"embeddable":true,"href":"https:\/\/gobernacionaltaverapaz.gob.gt\/index.php?rest_route=\/wp\/v2\/media\/12599"}],"wp:attachment":[{"href":"https:\/\/gobernacionaltaverapaz.gob.gt\/index.php?rest_route=%2Fwp%2Fv2%2Fmedia&parent=12607"}],"wp:term":[{"taxonomy":"category","embeddable":true,"href":"https:\/\/gobernacionaltaverapaz.gob.gt\/index.php?rest_route=%2Fwp%2Fv2%2Fcategories&post=12607"},{"taxonomy":"post_tag","embeddable":true,"href":"https:\/\/gobernacionaltaverapaz.gob.gt\/index.php?rest_route=%2Fwp%2Fv2%2Ftags&post=12607"}],"curies":[{"name":"wp","href":"https:\/\/api.w.org\/{rel}","templated":true}]}}